{"id":8891,"date":"2019-12-15T22:07:49","date_gmt":"2019-12-15T22:07:49","guid":{"rendered":"http:\/\/rivadaviamendoza.gob.ar\/hcd\/?p=8891"},"modified":"2019-12-15T22:07:49","modified_gmt":"2019-12-15T22:07:49","slug":"ordenanza-1234-2020-copy-copy-6-copy-copy-copy-copy-copy-copy-copy-copy-copy-copy-copy-copy-copy-copy-copy-copy-copy-2-copy-copy-copy-copy-copy-copy-copy-copy-copy-copy-copy-copy-copy-copy-copy-co-134","status":"publish","type":"post","link":"https:\/\/coworkdigital.com.ar\/hcd\/ordenanza-1234-2020-copy-copy-6-copy-copy-copy-copy-copy-copy-copy-copy-copy-copy-copy-copy-copy-copy-copy-copy-copy-2-copy-copy-copy-copy-copy-copy-copy-copy-copy-copy-copy-copy-copy-copy-copy-co-134\/","title":{"rendered":"DECLARACI\u00d3N N\u00ba 14-19"},"content":{"rendered":"<p><strong><img fetchpriority=\"high\" decoding=\"async\" class=\"alignnone wp-image-6853 size-full\" src=\"https:\/\/coworkdigital.com.ar\/hcd\/wp-content\/uploads\/2020\/12\/Zocalo-1.png\" width=\"3100\" height=\"482\" srcset=\"https:\/\/coworkdigital.com.ar\/hcd\/wp-content\/uploads\/2020\/12\/Zocalo-1.png 3100w, https:\/\/coworkdigital.com.ar\/hcd\/wp-content\/uploads\/2020\/12\/Zocalo-1-300x47.png 300w, https:\/\/coworkdigital.com.ar\/hcd\/wp-content\/uploads\/2020\/12\/Zocalo-1-1024x159.png 1024w, https:\/\/coworkdigital.com.ar\/hcd\/wp-content\/uploads\/2020\/12\/Zocalo-1-768x119.png 768w, https:\/\/coworkdigital.com.ar\/hcd\/wp-content\/uploads\/2020\/12\/Zocalo-1-1536x239.png 1536w, https:\/\/coworkdigital.com.ar\/hcd\/wp-content\/uploads\/2020\/12\/Zocalo-1-2048x318.png 2048w, https:\/\/coworkdigital.com.ar\/hcd\/wp-content\/uploads\/2020\/12\/Zocalo-1-600x93.png 600w, https:\/\/coworkdigital.com.ar\/hcd\/wp-content\/uploads\/2020\/12\/Zocalo-1-560x87.png 560w\" sizes=\"(max-width: 3100px) 100vw, 3100px\" \/><\/strong><\/p>\n<p><strong><u>VISTO:<\/u><\/strong><\/p>\n<p>El Expediente N\u00ba 2019-00130-0, caratulado, Bloque Ra\u00fal Alfons\u00edn, Concejales Abate, Mach\u00edn y S\u00e1nchez, presenta proyecto de Declaraci\u00f3n: Declarar de Inter\u00e9s Departamental, Social y Educativo Sanitario \u201cPrevenci\u00f3n de Intoxicaciones\u201d, y<\/p>\n<p>&nbsp;<\/p>\n<p><strong><u>CONSIDERANDO:<\/u><\/strong><\/p>\n<p>La necesidad de Declarar de Inter\u00e9s Departamental, Social, Educativo, Cultural y Sanitario la charla de \u201cPrevenci\u00f3n de intoxicaciones\u201d correcto uso de productos qu\u00edmicos en el hogar.<\/p>\n<p>Que las intoxicaciones por productos qu\u00edmicos de uso en los hogares,\u00a0 representan el segundo lugar de incidencia (31%) de intoxicaciones, que incluyen lavandinas\/cloros, jabones y detergentes, desinfectantes y desodorantes, derivados del petr\u00f3leo, corrosivos \u00e1cidos y alcalinos, entre otros; luego de los medicamentos (33%) y por intoxicaciones plaguicidas (18%).<\/p>\n<p>Que la ingesta de estas sustancias puede provocar da\u00f1o a la salud y dejar graves secuelas, llegando en ocasiones a comprometer la vida.<\/p>\n<p>Que en la gran mayor\u00eda de los casos, los afectados son menores de edad, ni\u00f1os que van del a\u00f1o a los cuatro a\u00f1os de vida (48%), atendidos por ingesta no intencional de estos productos que se encuentran ilegalmente en envases de bebidas de gaseosa, jugo, agua mineral, etc.<\/p>\n<p>Que \u00a0la venta de productos fraccionados para uso en el hogar, muchas veces son comercializados en envases sin ning\u00fan tipo de identificaci\u00f3n, que indique su contenido, composici\u00f3n o grado de toxicidad, no cumpliendo con las reglamentaciones vigente a nivel nacional para su comercializaci\u00f3n, por lo que deben ser considerados clandestinos.<\/p>\n<p>Que\u00a0 lo antes descripto conlleva la probabilidad que la familia se vea expuesta inadvertidamente al potencial riesgo su sufrir una intoxicaci\u00f3n.<\/p>\n<p>Que la educaci\u00f3n y sensibilizaci\u00f3n de la poblaci\u00f3n\u00a0 en estos temas es sin duda la\u00a0 herramienta primordial para generar conciencia y cambio en los malos h\u00e1bitos por desconocimiento sobre el tema.<\/p>\n<p>Que desde el Honorable Concejo Deliberante fomentamos actividades de prevenci\u00f3n en la salud para los habitantes de nuestro departamento.<\/p>\n<p>&nbsp;<\/p>\n<p><strong><u>POR ELLO:<\/u><\/strong><\/p>\n<p>El Honorable Concejo Deliberante de Rivadavia, Mendoza, en uso de sus facultades:<\/p>\n<p>&nbsp;<\/p>\n<p><strong><u>DECLARA:<\/u><\/strong><\/p>\n<p><strong><u>Art\u00edculo 1\u00ba:<\/u><\/strong> Declarar de Inter\u00e9s Departamental, Social, Educativo, Cultural y Sanitario la charla de \u201cPrevenci\u00f3n de intoxicaciones\u201d correcto uso de productos qu\u00edmicos en el hogar, el d\u00eda viernes 17 de mayo del corriente a\u00f1o, en el Teatro Luis Encio Bianchi, que ser\u00e1 dictada por los profesionales especializados en el tema Prof. Mg\u00a0 Aldo Sergio Saracco Director observatorio de Salud P\u00fablica y problem\u00e1ticas de consumo, UNCuyo y la Dra. Graciela Saieg gastrohepat\u00f3loga infantil Jefa del Servicio de Gastroenterolog\u00eda del Hospital Pedi\u00e1trico Dr. Humberto Notti,\u00a0 miembro del comit\u00e9 de gastroenterolog\u00eda de la Sociedad Argentina de Pediatr\u00eda (SAP).<\/p>\n<p><strong><u>Art\u00edculo 2\u00b0: <\/u><\/strong>Realizar campa\u00f1a de difusi\u00f3n en los medios de comunicaci\u00f3n del departamento para que toda la poblaci\u00f3n tome conocimiento de la jornada y pueda asistir.<\/p>\n<p><strong><u>Art\u00edculo 3\u00ba:<\/u><\/strong> Comun\u00edquese al Departamento Ejecutivo a sus efectos e ins\u00e9rtese en el Libro de Declaraciones de este Cuerpo.<\/p>\n<p>&nbsp;<\/p>\n<p>Dada en la Sala de Sesiones, \u201cBandera Nacional Argentina\u201d, del Honorable Concejo Deliberante de Rivadavia, Mendoza, a los 14 d\u00edas del mes de mayo \u00a0de 2019.<\/p>\n<p>&nbsp;<\/p>\n<p>&nbsp;<\/p>\n<p><strong>\u00a0 \u00a0 \u00a0 \u00a0 \u00a0 MAR\u00cdA IN\u00c9S DALLAGO\u00a0 \u00a0 \u00a0 \u00a0 \u00a0 \u00a0 \u00a0 \u00a0 \u00a0 \u00a0 \u00a0 \u00a0 \u00a0 \u00a0 \u00a0 \u00a0 \u00a0 \u00a0 \u00a0 \u00a0 \u00a0 \u00a0 \u00a0 \u00a0 \u00a0 \u00a0 \u00a0 \u00a0 \u00a0MAURICIO DI C\u00c9SARE<\/strong><\/p>\n<p><strong>\u00a0\u00a0\u00a0\u00a0\u00a0\u00a0\u00a0\u00a0\u00a0\u00a0\u00a0 \u00a0 SECRETARIA H.C.D.\u00a0\u00a0\u00a0\u00a0\u00a0\u00a0\u00a0\u00a0\u00a0\u00a0\u00a0\u00a0\u00a0\u00a0\u00a0\u00a0\u00a0\u00a0\u00a0\u00a0\u00a0\u00a0\u00a0\u00a0\u00a0\u00a0\u00a0\u00a0\u00a0\u00a0\u00a0\u00a0\u00a0\u00a0\u00a0\u00a0\u00a0\u00a0\u00a0\u00a0\u00a0\u00a0\u00a0\u00a0\u00a0\u00a0\u00a0\u00a0\u00a0\u00a0\u00a0\u00a0\u00a0\u00a0\u00a0\u00a0 \u00a0\u00a0 \u00a0\u00a0PRESIDENTE H.C.D.<\/strong><\/p>\n<p><strong>\u00a0<\/strong><\/p>\n<p><strong>\u00a0<\/strong><\/p>\n<p>Cpde. Expte. N\u00ba 2019-00130-0\u00a0 H.C.D.<\/p>\n<p><a href=\"https:\/\/coworkdigital.com.ar\/hcd\/wp-content\/uploads\/2020\/12\/decl.14-19.pdf\"><img decoding=\"async\" class=\"alignright wp-image-6224\" src=\"https:\/\/coworkdigital.com.ar\/hcd\/wp-content\/uploads\/2020\/06\/descarga_pdf-150x150.png\" width=\"50\" height=\"53\" srcset=\"https:\/\/coworkdigital.com.ar\/hcd\/wp-content\/uploads\/2020\/06\/descarga_pdf-282x300.png 282w, https:\/\/coworkdigital.com.ar\/hcd\/wp-content\/uploads\/2020\/06\/descarga_pdf.png 496w\" sizes=\"(max-width: 50px) 100vw, 50px\" \/><\/a><\/p>\n","protected":false},"excerpt":{"rendered":"<p>VISTO: El Expediente N\u00ba 2019-00130-0, caratulado, Bloque Ra\u00fal Alfons\u00edn, Concejales Abate, Mach\u00edn y S\u00e1nchez, presenta proyecto de Declaraci\u00f3n: Declarar de Inter\u00e9s Departamental, Social y Educativo Sanitario \u201cPrevenci\u00f3n de Intoxicaciones\u201d, y &nbsp; CONSIDERANDO: La necesidad de Declarar de Inter\u00e9s Departamental, Social, Educativo, Cultural y Sanitario la charla de \u201cPrevenci\u00f3n de intoxicaciones\u201d correcto uso de productos qu\u00edmicos [&hellip;]<\/p>\n","protected":false},"author":1,"featured_media":0,"comment_status":"closed","ping_status":"closed","sticky":false,"template":"","format":"standard","meta":{"_acf_changed":false,"footnotes":""},"categories":[66],"tags":[],"class_list":["post-8891","post","type-post","status-publish","format-standard","hentry","category-declaraciones"],"acf":[],"_links":{"self":[{"href":"https:\/\/coworkdigital.com.ar\/hcd\/wp-json\/wp\/v2\/posts\/8891","targetHints":{"allow":["GET"]}}],"collection":[{"href":"https:\/\/coworkdigital.com.ar\/hcd\/wp-json\/wp\/v2\/posts"}],"about":[{"href":"https:\/\/coworkdigital.com.ar\/hcd\/wp-json\/wp\/v2\/types\/post"}],"author":[{"embeddable":true,"href":"https:\/\/coworkdigital.com.ar\/hcd\/wp-json\/wp\/v2\/users\/1"}],"replies":[{"embeddable":true,"href":"https:\/\/coworkdigital.com.ar\/hcd\/wp-json\/wp\/v2\/comments?post=8891"}],"version-history":[{"count":0,"href":"https:\/\/coworkdigital.com.ar\/hcd\/wp-json\/wp\/v2\/posts\/8891\/revisions"}],"wp:attachment":[{"href":"https:\/\/coworkdigital.com.ar\/hcd\/wp-json\/wp\/v2\/media?parent=8891"}],"wp:term":[{"taxonomy":"category","embeddable":true,"href":"https:\/\/coworkdigital.com.ar\/hcd\/wp-json\/wp\/v2\/categories?post=8891"},{"taxonomy":"post_tag","embeddable":true,"href":"https:\/\/coworkdigital.com.ar\/hcd\/wp-json\/wp\/v2\/tags?post=8891"}],"curies":[{"name":"wp","href":"https:\/\/api.w.org\/{rel}","templated":true}]}}