{"id":8895,"date":"2019-12-15T22:10:07","date_gmt":"2019-12-15T22:10:07","guid":{"rendered":"http:\/\/rivadaviamendoza.gob.ar\/hcd\/?p=8895"},"modified":"2019-12-15T22:10:07","modified_gmt":"2019-12-15T22:10:07","slug":"ordenanza-1234-2020-copy-copy-6-copy-copy-copy-copy-copy-copy-copy-copy-copy-copy-copy-copy-copy-copy-copy-copy-copy-2-copy-copy-copy-copy-copy-copy-copy-copy-copy-copy-copy-copy-copy-copy-copy-co-135","status":"publish","type":"post","link":"https:\/\/coworkdigital.com.ar\/hcd\/ordenanza-1234-2020-copy-copy-6-copy-copy-copy-copy-copy-copy-copy-copy-copy-copy-copy-copy-copy-copy-copy-copy-copy-2-copy-copy-copy-copy-copy-copy-copy-copy-copy-copy-copy-copy-copy-copy-copy-co-135\/","title":{"rendered":"DECLARACI\u00d3N N\u00ba 15-19"},"content":{"rendered":"<p><strong><img fetchpriority=\"high\" decoding=\"async\" class=\"alignnone wp-image-6853 size-full\" src=\"https:\/\/coworkdigital.com.ar\/hcd\/wp-content\/uploads\/2020\/12\/Zocalo-1.png\" width=\"3100\" height=\"482\" srcset=\"https:\/\/coworkdigital.com.ar\/hcd\/wp-content\/uploads\/2020\/12\/Zocalo-1.png 3100w, https:\/\/coworkdigital.com.ar\/hcd\/wp-content\/uploads\/2020\/12\/Zocalo-1-300x47.png 300w, https:\/\/coworkdigital.com.ar\/hcd\/wp-content\/uploads\/2020\/12\/Zocalo-1-1024x159.png 1024w, https:\/\/coworkdigital.com.ar\/hcd\/wp-content\/uploads\/2020\/12\/Zocalo-1-768x119.png 768w, https:\/\/coworkdigital.com.ar\/hcd\/wp-content\/uploads\/2020\/12\/Zocalo-1-1536x239.png 1536w, https:\/\/coworkdigital.com.ar\/hcd\/wp-content\/uploads\/2020\/12\/Zocalo-1-2048x318.png 2048w, https:\/\/coworkdigital.com.ar\/hcd\/wp-content\/uploads\/2020\/12\/Zocalo-1-600x93.png 600w, https:\/\/coworkdigital.com.ar\/hcd\/wp-content\/uploads\/2020\/12\/Zocalo-1-560x87.png 560w\" sizes=\"(max-width: 3100px) 100vw, 3100px\" \/><\/strong><\/p>\n<p><strong><u>VISTO:<\/u><\/strong><\/p>\n<p>El Expediente N\u00ba 2019-00115-1, caratulado, Bloque Kolina, Concejal Del R\u00edo, presenta proyecto de Declaraci\u00f3n: Agrupaci\u00f3n Soldados Olvidados por la Patria, y<\/p>\n<p>&nbsp;<\/p>\n<p><strong><u>CONSIDERANDO:<\/u><\/strong><\/p>\n<p>La necesidad de reconocer a los soldados que defendieron a nuestra Patria, contra enemigos internos y externos.<\/p>\n<p>Que la lucha por conseguir un reconocimiento de estos soldados comenz\u00f3 en 2006 bajo el nombre de \u201cAgrupaci\u00f3n Patria\u201d.<\/p>\n<p>Que luego de 12 a\u00f1os sin lograr nada y enojados con la comisi\u00f3n que los dirig\u00eda, los soldados deciden en noviembre de 2018 refundarse en una nueva agrupaci\u00f3n bautizada con el nombre \u201cAGRUPACI\u00d3N SOLDADOS OLVIDADOS POR LA PATRIA\u201d.<\/p>\n<p>Que es la agrupaci\u00f3n que m\u00e1s fortaleza tiene a lo largo y ancho de la Argentina.<\/p>\n<p>Que nuclea a los soldados conscriptos pertenecientes a las clases 1953, 1954, 1955, 1958, 1959, 1960, 1961, 1962, 1963, que estuvieron bajo bandera y en estado militar en periodo 1973 a 1982.<\/p>\n<p>Que han enviado un petitorio al Gobernador de la Provincia para que eval\u00fae la posibilidad de entregarles un reconocimiento por parte del Estado Provincial y una pensi\u00f3n vitalicia de conformidad al tratado de Ginebra y la Naciones Unidas, con adhesi\u00f3n a la Ley 17.531.<\/p>\n<p>Que ya ha sido reconocida por otros Departamentos como San Carlos (donde se cre\u00f3 una plaza con el nombre de la agrupaci\u00f3n), Tunuy\u00e1n y Santa Rosa.<\/p>\n<p>Que hoy d\u00eda cuenta con m\u00e1s de 3.000 inscriptos, de los cuales m\u00e1s de 300 son de Rivadavia.<\/p>\n<p>Que un rivadaviense ocupa un lugar dentro de la comisi\u00f3n directiva, siendo el Se\u00f1or Juan H\u00e9ctor Gallardo el Vicepresidente de dicha Agrupaci\u00f3n.<\/p>\n<p>Que a su vez, en el departamento de Rivadavia tambi\u00e9n cuentan con una Sub-comisi\u00f3n, de la que el Se\u00f1or Antonio Binanti es el Presidente.<\/p>\n<p>&nbsp;<\/p>\n<p><strong><u>POR ELLO:<\/u><\/strong><\/p>\n<p>El Honorable Concejo Deliberante de Rivadavia, Mendoza, en uso de sus facultades:<\/p>\n<p>&nbsp;<\/p>\n<p><strong><u>DECLARA:<\/u><\/strong><\/p>\n<p><strong><u>Art\u00edculo 1\u00ba:<\/u><\/strong> Declarar de Inter\u00e9s Departamental la labor realizada en Rivadavia, por la Agrupaci\u00f3n Soldados Olvidados por la Patria.<\/p>\n<p><strong><u>Art\u00edculo 2\u00b0:<\/u><\/strong> Invitar a los miembros Rivadavienses de dicha Agrupaci\u00f3n para hacer entrega de un diploma de reconocimiento y de las banderas a que hace referencia el Art\u00edculo 3\u00ba de la presente Norma.<\/p>\n<p><strong><u>\u00a0Art\u00edculo 3\u00ba:<\/u><\/strong> Por Presidencia de este Cuerpo adqui\u00e9ranse los Pabellones Nacional y Provincial a fin de dar cumplimiento a lo dispuesto en la presente Declaraci\u00f3n.<\/p>\n<p><strong><u>Art\u00edculo 4\u00ba:<\/u><\/strong> Comun\u00edquese al Departamento Ejecutivo a sus efectos e ins\u00e9rtese en el Libro de Declaraciones de este Cuerpo.<\/p>\n<p>&nbsp;<\/p>\n<p>Dada en la Sala de Sesiones, \u201cBandera Nacional Argentina\u201d, del Honorable Concejo Deliberante de Rivadavia, Mendoza, a los 21 d\u00edas del mes de mayo \u00a0de 2019.<\/p>\n<p>&nbsp;<\/p>\n<p>&nbsp;<\/p>\n<p><strong>\u00a0 \u00a0 \u00a0 \u00a0 \u00a0 \u00a0 MAR\u00cdA IN\u00c9S DALLAGO\u00a0 \u00a0 \u00a0 \u00a0 \u00a0 \u00a0 \u00a0 \u00a0 \u00a0 \u00a0 \u00a0 \u00a0 \u00a0 \u00a0 \u00a0 \u00a0 \u00a0 \u00a0 \u00a0 \u00a0 \u00a0 \u00a0 \u00a0 \u00a0 \u00a0 \u00a0 \u00a0 MAURICIO DI C\u00c9SARE<\/strong><\/p>\n<p><strong>\u00a0\u00a0\u00a0\u00a0\u00a0\u00a0\u00a0\u00a0\u00a0\u00a0\u00a0 \u00a0 SECRETARIA H.C.D.\u00a0\u00a0\u00a0\u00a0\u00a0\u00a0\u00a0\u00a0\u00a0\u00a0\u00a0\u00a0\u00a0\u00a0\u00a0\u00a0\u00a0\u00a0\u00a0\u00a0\u00a0\u00a0\u00a0\u00a0\u00a0\u00a0\u00a0\u00a0\u00a0\u00a0\u00a0\u00a0\u00a0\u00a0\u00a0\u00a0\u00a0\u00a0\u00a0\u00a0\u00a0\u00a0\u00a0\u00a0\u00a0\u00a0\u00a0\u00a0\u00a0\u00a0\u00a0\u00a0\u00a0\u00a0\u00a0\u00a0 \u00a0\u00a0 PRESIDENTE H.C.D.<\/strong><\/p>\n<p><strong>\u00a0<\/strong><\/p>\n<p><strong>\u00a0<\/strong><\/p>\n<p>Cpde. Expte. N\u00ba 2019-00115-1\u00a0 H.C.D.<\/p>\n<p><a href=\"https:\/\/coworkdigital.com.ar\/hcd\/wp-content\/uploads\/2020\/12\/decl.15-19.pdf\"><img decoding=\"async\" class=\"alignright wp-image-6224\" src=\"https:\/\/coworkdigital.com.ar\/hcd\/wp-content\/uploads\/2020\/06\/descarga_pdf-150x150.png\" width=\"50\" height=\"53\" srcset=\"https:\/\/coworkdigital.com.ar\/hcd\/wp-content\/uploads\/2020\/06\/descarga_pdf-282x300.png 282w, https:\/\/coworkdigital.com.ar\/hcd\/wp-content\/uploads\/2020\/06\/descarga_pdf.png 496w\" sizes=\"(max-width: 50px) 100vw, 50px\" \/><\/a><\/p>\n","protected":false},"excerpt":{"rendered":"<p>VISTO: El Expediente N\u00ba 2019-00115-1, caratulado, Bloque Kolina, Concejal Del R\u00edo, presenta proyecto de Declaraci\u00f3n: Agrupaci\u00f3n Soldados Olvidados por la Patria, y &nbsp; CONSIDERANDO: La necesidad de reconocer a los soldados que defendieron a nuestra Patria, contra enemigos internos y externos. Que la lucha por conseguir un reconocimiento de estos soldados comenz\u00f3 en 2006 bajo [&hellip;]<\/p>\n","protected":false},"author":1,"featured_media":0,"comment_status":"closed","ping_status":"closed","sticky":false,"template":"","format":"standard","meta":{"_acf_changed":false,"footnotes":""},"categories":[66],"tags":[],"class_list":["post-8895","post","type-post","status-publish","format-standard","hentry","category-declaraciones"],"acf":[],"_links":{"self":[{"href":"https:\/\/coworkdigital.com.ar\/hcd\/wp-json\/wp\/v2\/posts\/8895","targetHints":{"allow":["GET"]}}],"collection":[{"href":"https:\/\/coworkdigital.com.ar\/hcd\/wp-json\/wp\/v2\/posts"}],"about":[{"href":"https:\/\/coworkdigital.com.ar\/hcd\/wp-json\/wp\/v2\/types\/post"}],"author":[{"embeddable":true,"href":"https:\/\/coworkdigital.com.ar\/hcd\/wp-json\/wp\/v2\/users\/1"}],"replies":[{"embeddable":true,"href":"https:\/\/coworkdigital.com.ar\/hcd\/wp-json\/wp\/v2\/comments?post=8895"}],"version-history":[{"count":0,"href":"https:\/\/coworkdigital.com.ar\/hcd\/wp-json\/wp\/v2\/posts\/8895\/revisions"}],"wp:attachment":[{"href":"https:\/\/coworkdigital.com.ar\/hcd\/wp-json\/wp\/v2\/media?parent=8895"}],"wp:term":[{"taxonomy":"category","embeddable":true,"href":"https:\/\/coworkdigital.com.ar\/hcd\/wp-json\/wp\/v2\/categories?post=8895"},{"taxonomy":"post_tag","embeddable":true,"href":"https:\/\/coworkdigital.com.ar\/hcd\/wp-json\/wp\/v2\/tags?post=8895"}],"curies":[{"name":"wp","href":"https:\/\/api.w.org\/{rel}","templated":true}]}}