{"id":8899,"date":"2019-12-15T22:11:51","date_gmt":"2019-12-15T22:11:51","guid":{"rendered":"http:\/\/rivadaviamendoza.gob.ar\/hcd\/?p=8899"},"modified":"2019-12-15T22:11:51","modified_gmt":"2019-12-15T22:11:51","slug":"ordenanza-1234-2020-copy-copy-6-copy-copy-copy-copy-copy-copy-copy-copy-copy-copy-copy-copy-copy-copy-copy-copy-copy-2-copy-copy-copy-copy-copy-copy-copy-copy-copy-copy-copy-copy-copy-copy-copy-co-136","status":"publish","type":"post","link":"https:\/\/coworkdigital.com.ar\/hcd\/ordenanza-1234-2020-copy-copy-6-copy-copy-copy-copy-copy-copy-copy-copy-copy-copy-copy-copy-copy-copy-copy-copy-copy-2-copy-copy-copy-copy-copy-copy-copy-copy-copy-copy-copy-copy-copy-copy-copy-co-136\/","title":{"rendered":"DECLARACI\u00d3N N\u00ba 16-19"},"content":{"rendered":"<p><strong><img fetchpriority=\"high\" decoding=\"async\" class=\"alignnone wp-image-6853 size-full\" src=\"https:\/\/coworkdigital.com.ar\/hcd\/wp-content\/uploads\/2020\/12\/Zocalo-1.png\" width=\"3100\" height=\"482\" srcset=\"https:\/\/coworkdigital.com.ar\/hcd\/wp-content\/uploads\/2020\/12\/Zocalo-1.png 3100w, https:\/\/coworkdigital.com.ar\/hcd\/wp-content\/uploads\/2020\/12\/Zocalo-1-300x47.png 300w, https:\/\/coworkdigital.com.ar\/hcd\/wp-content\/uploads\/2020\/12\/Zocalo-1-1024x159.png 1024w, https:\/\/coworkdigital.com.ar\/hcd\/wp-content\/uploads\/2020\/12\/Zocalo-1-768x119.png 768w, https:\/\/coworkdigital.com.ar\/hcd\/wp-content\/uploads\/2020\/12\/Zocalo-1-1536x239.png 1536w, https:\/\/coworkdigital.com.ar\/hcd\/wp-content\/uploads\/2020\/12\/Zocalo-1-2048x318.png 2048w, https:\/\/coworkdigital.com.ar\/hcd\/wp-content\/uploads\/2020\/12\/Zocalo-1-600x93.png 600w, https:\/\/coworkdigital.com.ar\/hcd\/wp-content\/uploads\/2020\/12\/Zocalo-1-560x87.png 560w\" sizes=\"(max-width: 3100px) 100vw, 3100px\" \/><\/strong><\/p>\n<p><strong><u>VISTO:<\/u><\/strong><\/p>\n<p>El Expediente N\u00ba 2019-00119-3, caratulado, Bloque UCR, Concejales Guti\u00e9rrez, Gil, presenta proyecto de Declaraci\u00f3n: Declarar de Inter\u00e9s Departamental, Agencia de Extensi\u00f3n Rural de Rivadavia, y<\/p>\n<p>&nbsp;<\/p>\n<p><strong><u>CONSIDERANDO:<\/u><\/strong><\/p>\n<p>La necesidad de Declarar de Inter\u00e9s Departamental la Agencia de Extensi\u00f3n Rural dependiente del INTA en nuestro Departamento.<\/p>\n<p>Que la AER fue creada el 9 de junio de 2011 con el claro objetivo de estar lo m\u00e1s cerca posible del productor rural.<\/p>\n<p>Que en un primer momento se instal\u00f3 la Oficina en las dependencias de la Direcci\u00f3n de Desarrollo Econ\u00f3mico de la Municipalidad y que por su crecimiento fue trasladada a otras dependencias m\u00e1s propicias para su funci\u00f3n espec\u00edfica.<\/p>\n<p>Que siempre se busc\u00f3 acompa\u00f1ar al productor en concretar la mejora continua en sus procesos productivos, priorizando el sector m\u00e1s vulnerable con el objeto de mejorar la calidad de vida de la familia rural.<\/p>\n<p>Que la investigaci\u00f3n se puso al servicio de la ruralidad beneficiando as\u00ed la competitividad del sector agropecuario de la zona.<\/p>\n<p>Que anualmente se entregan m\u00e1s de 2.000 colecciones de semillas destinadas al cultivo y posterior consumo familiar, de las cuales el 82% se convierte en huertas familiares.<\/p>\n<p>Que en el mismo sentido se entregan por a\u00f1o 5.000 pollitas ponedoras destinadas a unas 500 familias que las cr\u00edan a fin de reforzar la alimentaci\u00f3n familiar como as\u00ed tambi\u00e9n mejorar los ingresos econ\u00f3micos familiares.<\/p>\n<p>Que la AER Rivadavia trabaja constantemente junto a escuelas del Departamento promoviendo y colaborando en el emplazamiento de huertas escolares desarrollando el trabajo rural.<\/p>\n<p>Que se asiste t\u00e9cnicamente mediante los Centros de Desarrollo Vit\u00edcolas, proyectos de COVIAR y ejecutados por el INTA mejorando t\u00e9cnicas de trabajo mediante capacitaciones a productores vit\u00edcolas no integrados y de menos de 30 hect\u00e1reas. Con este programa la AER asiste a 45 productores locales por mes los que son visitados por un ingeniero agr\u00f3nomo.<\/p>\n<p>Que ante trascendidos recientes se pretende achicar gastos en instituciones nacionales.<\/p>\n<p>Que en la reciente presentaci\u00f3n de la estructura que ha hecho el INTA la AER Rivadavia no aparece por lo que si no figura en la estructura y no tendr\u00eda plata para realizar actividades ante mencionadas.<\/p>\n<p>&nbsp;<\/p>\n<p><strong><u>POR ELLO:<\/u><\/strong><\/p>\n<p>El Honorable Concejo Deliberante de Rivadavia, Mendoza, en uso de sus facultades:<\/p>\n<p>&nbsp;<\/p>\n<p><strong><u>DECLARA:<\/u><\/strong><\/p>\n<p><strong><u>Art\u00edculo 1\u00ba:<\/u><\/strong> Declarar de Inter\u00e9s Departamental a la Agencia de Extensi\u00f3n Rural de Rivadavia, dependiente del Instituto Nacional de Tecnolog\u00eda Agropecuaria INTA y a su trabajo junto a productores, escuelas e instituciones del Departamento.<\/p>\n<p><strong><u>Art\u00edculo 2\u00b0<\/u><\/strong><strong>: <\/strong>Solicitar a las Autoridades Nacionales del INTA la incorporaci\u00f3n presupuestaria de la mencionada AER.<\/p>\n<p><strong><u>Art\u00edculo 3\u00ba:<\/u><\/strong> Notificar de la presente Declaraci\u00f3n al INTA y al Ministerio de la Producci\u00f3n de la Naci\u00f3n.<\/p>\n<p><strong><u>Art\u00edculo 4\u00ba:<\/u><\/strong> Comun\u00edquese al Departamento Ejecutivo a sus efectos e ins\u00e9rtese en el Libro de Declaraciones de este Cuerpo.<\/p>\n<p>&nbsp;<\/p>\n<p>Dada en la Sala de Sesiones, \u201cBandera Nacional Argentina\u201d, del Honorable Concejo Deliberante de Rivadavia, Mendoza, a los 21 d\u00edas del mes de mayo \u00a0de 2019.<\/p>\n<p>&nbsp;<\/p>\n<p>&nbsp;<\/p>\n<p><strong>\u00a0 \u00a0 \u00a0 \u00a0 \u00a0 \u00a0MAR\u00cdA IN\u00c9S DALLAGO\u00a0 \u00a0 \u00a0 \u00a0 \u00a0 \u00a0 \u00a0 \u00a0 \u00a0 \u00a0 \u00a0 \u00a0 \u00a0 \u00a0 \u00a0 \u00a0 \u00a0 \u00a0 \u00a0 \u00a0 \u00a0 \u00a0 \u00a0 \u00a0 \u00a0 \u00a0 \u00a0 MAURICIO DI C\u00c9SARE<\/strong><\/p>\n<p><strong>\u00a0\u00a0\u00a0\u00a0\u00a0\u00a0\u00a0\u00a0\u00a0\u00a0\u00a0 \u00a0 SECRETARIA H.C.D.\u00a0\u00a0\u00a0\u00a0\u00a0\u00a0\u00a0\u00a0\u00a0\u00a0\u00a0\u00a0\u00a0\u00a0\u00a0\u00a0\u00a0\u00a0\u00a0\u00a0\u00a0\u00a0\u00a0\u00a0\u00a0\u00a0\u00a0\u00a0\u00a0\u00a0\u00a0\u00a0\u00a0\u00a0\u00a0\u00a0\u00a0\u00a0\u00a0\u00a0\u00a0\u00a0\u00a0\u00a0\u00a0\u00a0\u00a0\u00a0\u00a0\u00a0\u00a0\u00a0\u00a0\u00a0\u00a0\u00a0 \u00a0\u00a0 PRESIDENTE H.C.D.<\/strong><\/p>\n<p><strong>\u00a0<\/strong><\/p>\n<p><strong>\u00a0<\/strong><\/p>\n<p>Cpde. Expte. N\u00ba 2019-00119-3\u00a0 H.C.D.<\/p>\n<p><a href=\"https:\/\/coworkdigital.com.ar\/hcd\/wp-content\/uploads\/2020\/12\/decl.16-19.pdf\"><img decoding=\"async\" class=\"alignright wp-image-6224\" src=\"https:\/\/coworkdigital.com.ar\/hcd\/wp-content\/uploads\/2020\/06\/descarga_pdf-150x150.png\" width=\"50\" height=\"53\" srcset=\"https:\/\/coworkdigital.com.ar\/hcd\/wp-content\/uploads\/2020\/06\/descarga_pdf-282x300.png 282w, https:\/\/coworkdigital.com.ar\/hcd\/wp-content\/uploads\/2020\/06\/descarga_pdf.png 496w\" sizes=\"(max-width: 50px) 100vw, 50px\" \/><\/a><\/p>\n","protected":false},"excerpt":{"rendered":"<p>VISTO: El Expediente N\u00ba 2019-00119-3, caratulado, Bloque UCR, Concejales Guti\u00e9rrez, Gil, presenta proyecto de Declaraci\u00f3n: Declarar de Inter\u00e9s Departamental, Agencia de Extensi\u00f3n Rural de Rivadavia, y &nbsp; CONSIDERANDO: La necesidad de Declarar de Inter\u00e9s Departamental la Agencia de Extensi\u00f3n Rural dependiente del INTA en nuestro Departamento. Que la AER fue creada el 9 de junio [&hellip;]<\/p>\n","protected":false},"author":1,"featured_media":0,"comment_status":"closed","ping_status":"closed","sticky":false,"template":"","format":"standard","meta":{"_acf_changed":false,"footnotes":""},"categories":[66],"tags":[],"class_list":["post-8899","post","type-post","status-publish","format-standard","hentry","category-declaraciones"],"acf":[],"_links":{"self":[{"href":"https:\/\/coworkdigital.com.ar\/hcd\/wp-json\/wp\/v2\/posts\/8899","targetHints":{"allow":["GET"]}}],"collection":[{"href":"https:\/\/coworkdigital.com.ar\/hcd\/wp-json\/wp\/v2\/posts"}],"about":[{"href":"https:\/\/coworkdigital.com.ar\/hcd\/wp-json\/wp\/v2\/types\/post"}],"author":[{"embeddable":true,"href":"https:\/\/coworkdigital.com.ar\/hcd\/wp-json\/wp\/v2\/users\/1"}],"replies":[{"embeddable":true,"href":"https:\/\/coworkdigital.com.ar\/hcd\/wp-json\/wp\/v2\/comments?post=8899"}],"version-history":[{"count":0,"href":"https:\/\/coworkdigital.com.ar\/hcd\/wp-json\/wp\/v2\/posts\/8899\/revisions"}],"wp:attachment":[{"href":"https:\/\/coworkdigital.com.ar\/hcd\/wp-json\/wp\/v2\/media?parent=8899"}],"wp:term":[{"taxonomy":"category","embeddable":true,"href":"https:\/\/coworkdigital.com.ar\/hcd\/wp-json\/wp\/v2\/categories?post=8899"},{"taxonomy":"post_tag","embeddable":true,"href":"https:\/\/coworkdigital.com.ar\/hcd\/wp-json\/wp\/v2\/tags?post=8899"}],"curies":[{"name":"wp","href":"https:\/\/api.w.org\/{rel}","templated":true}]}}