{"id":8903,"date":"2019-12-15T22:14:18","date_gmt":"2019-12-15T22:14:18","guid":{"rendered":"http:\/\/rivadaviamendoza.gob.ar\/hcd\/?p=8903"},"modified":"2019-12-15T22:14:18","modified_gmt":"2019-12-15T22:14:18","slug":"ordenanza-1234-2020-copy-copy-6-copy-copy-copy-copy-copy-copy-copy-copy-copy-copy-copy-copy-copy-copy-copy-copy-copy-2-copy-copy-copy-copy-copy-copy-copy-copy-copy-copy-copy-copy-copy-copy-copy-co-137","status":"publish","type":"post","link":"https:\/\/coworkdigital.com.ar\/hcd\/ordenanza-1234-2020-copy-copy-6-copy-copy-copy-copy-copy-copy-copy-copy-copy-copy-copy-copy-copy-copy-copy-copy-copy-2-copy-copy-copy-copy-copy-copy-copy-copy-copy-copy-copy-copy-copy-copy-copy-co-137\/","title":{"rendered":"DECLARACI\u00d3N N\u00ba 17-19"},"content":{"rendered":"<p><strong><img fetchpriority=\"high\" decoding=\"async\" class=\"alignnone wp-image-6853 size-full\" src=\"https:\/\/coworkdigital.com.ar\/hcd\/wp-content\/uploads\/2020\/12\/Zocalo-1.png\" width=\"3100\" height=\"482\" srcset=\"https:\/\/coworkdigital.com.ar\/hcd\/wp-content\/uploads\/2020\/12\/Zocalo-1.png 3100w, https:\/\/coworkdigital.com.ar\/hcd\/wp-content\/uploads\/2020\/12\/Zocalo-1-300x47.png 300w, https:\/\/coworkdigital.com.ar\/hcd\/wp-content\/uploads\/2020\/12\/Zocalo-1-1024x159.png 1024w, https:\/\/coworkdigital.com.ar\/hcd\/wp-content\/uploads\/2020\/12\/Zocalo-1-768x119.png 768w, https:\/\/coworkdigital.com.ar\/hcd\/wp-content\/uploads\/2020\/12\/Zocalo-1-1536x239.png 1536w, https:\/\/coworkdigital.com.ar\/hcd\/wp-content\/uploads\/2020\/12\/Zocalo-1-2048x318.png 2048w, https:\/\/coworkdigital.com.ar\/hcd\/wp-content\/uploads\/2020\/12\/Zocalo-1-600x93.png 600w, https:\/\/coworkdigital.com.ar\/hcd\/wp-content\/uploads\/2020\/12\/Zocalo-1-560x87.png 560w\" sizes=\"(max-width: 3100px) 100vw, 3100px\" \/><\/strong><\/p>\n<p><strong><u>VISTO:<\/u><\/strong><\/p>\n<p>El Expediente N\u00ba 2019-00100-3, caratulado, Bloque Acci\u00f3n y Militancia Peronista, Concejal Juan Garrido, presenta proyecto de Declaraci\u00f3n: realizaci\u00f3n de veredas y ciclo v\u00edas, mejoramiento de luminarias y reductores de velocidad, y<\/p>\n<p>&nbsp;<\/p>\n<p><strong><u>CONSIDERANDO<\/u>: <\/strong><\/p>\n<p><strong>\u00a0<\/strong>La necesidad de mejorar la seguridad f\u00edsica y de tr\u00e1nsito de los habitantes.<\/p>\n<p>Que en esta zona tan importante de Rivadavia, siendo la arteria principal de ingreso a nuestro Departamento, hace a\u00f1os no se invierte en la realizaci\u00f3n de veredas\u00a0 las cuales son inexistentes y son un peligro para peatones, los cuales; en muchos tramos deben utilizar la calle para circular, as\u00ed mismo las acequias no est\u00e1n delimitadas ni construidas, no circulando si quiera el agua por ellas desde hace muchos a\u00f1os. Los lotes bald\u00edos presentan un peligro por su suciedad con grandes arbustos, lo que significa un lugar para albergar delincuentes que atentan contra la integridad de las personas que transitan la zona como as\u00ed tambi\u00e9n a los vecinos, adem\u00e1s de la presencia de roedores. Las ramas de los \u00e1rboles que no tienen hace tiempo mantenimiento obstaculizan la escaza luz brindada por las luminarias que tampoco tienen mantenimiento y la zona tiene un aspecto l\u00fagubre. \u00a0\u00a0\u00a0\u00a0\u00a0 As\u00ed mismo siendo una arteria principal, no existe una ciclo v\u00eda que delimite la circulaci\u00f3n, con el peligro que significa la alta velocidad de los veh\u00edculos produciendo un peligro latente para los ciclistas que transitan por la misma.<\/p>\n<p>&nbsp;<\/p>\n<p><strong><u>POR ELLO:<\/u><\/strong><\/p>\n<p>El Honorable Concejo Deliberante de Rivadavia, Mendoza, en uso de sus facultades:<\/p>\n<p>&nbsp;<\/p>\n<p><strong><u>DECLARA:<\/u><\/strong><\/p>\n<p><strong><u>Art\u00edculo 1\u00ba:<\/u><\/strong> Solicitar al Departamento Ejecutivo que se concreten las obras correspondientes y necesarias como la realizaci\u00f3n de veredas y ciclo v\u00edas, sobre calle San Isidro desde Isaac Estrella hasta Juan XXIII.<\/p>\n<p><strong><u>Art\u00edculo 2\u00b0: <\/u><\/strong>En materia vial la correcta se\u00f1alizaci\u00f3n horizontal y vertical y reductora de velocidad frente a Farmacias y a Jard\u00edn Maternal.<\/p>\n<p><strong><u>Art\u00edculo 3\u00ba:<\/u> <\/strong>Cerrado y limpieza de lotes bald\u00edos y limpieza y delimitaci\u00f3n de acequias sobre calle San Isidro<\/p>\n<p><strong><u>Art\u00edculo 4\u00ba:<\/u><\/strong> Comun\u00edquese al Departamento Ejecutivo a sus efectos e ins\u00e9rtese en el Libro de Declaraciones de este Cuerpo.<\/p>\n<p>&nbsp;<\/p>\n<p>Dada en la Sala de Sesiones, \u201cBandera Nacional Argentina\u201d, del Honorable Concejo Deliberante de Rivadavia, Mendoza, a los 21 d\u00edas del mes de junio \u00a0de 2019.<\/p>\n<p>&nbsp;<\/p>\n<p>&nbsp;<\/p>\n<p><strong>\u00a0 \u00a0 \u00a0 \u00a0 \u00a0 \u00a0MAR\u00cdA IN\u00c9S DALLAGO\u00a0\u00a0\u00a0\u00a0\u00a0\u00a0\u00a0\u00a0\u00a0\u00a0\u00a0\u00a0\u00a0\u00a0\u00a0\u00a0\u00a0\u00a0\u00a0\u00a0\u00a0\u00a0\u00a0\u00a0\u00a0\u00a0\u00a0\u00a0\u00a0\u00a0\u00a0\u00a0\u00a0\u00a0\u00a0\u00a0\u00a0\u00a0\u00a0\u00a0\u00a0\u00a0\u00a0\u00a0\u00a0\u00a0\u00a0\u00a0 MAURICIO DI C\u00c9SARE<\/strong><\/p>\n<p><strong>\u00a0\u00a0\u00a0\u00a0\u00a0\u00a0\u00a0\u00a0\u00a0\u00a0\u00a0 \u00a0 SECRETARIA H.C.D.\u00a0\u00a0\u00a0\u00a0\u00a0\u00a0\u00a0\u00a0\u00a0\u00a0\u00a0\u00a0\u00a0\u00a0\u00a0\u00a0\u00a0\u00a0\u00a0\u00a0\u00a0\u00a0\u00a0\u00a0\u00a0\u00a0\u00a0\u00a0\u00a0\u00a0\u00a0\u00a0\u00a0\u00a0\u00a0\u00a0\u00a0\u00a0\u00a0\u00a0\u00a0\u00a0\u00a0\u00a0\u00a0\u00a0\u00a0\u00a0\u00a0\u00a0\u00a0\u00a0 \u00a0\u00a0 RESIDENTE H.C.D.<\/strong><\/p>\n<p><strong>\u00a0<\/strong><\/p>\n<p><strong>\u00a0<\/strong><\/p>\n<p>Cpde. Expte. N\u00ba 2019-00100-3\u00a0 H.C.D.<\/p>\n<p><a href=\"https:\/\/coworkdigital.com.ar\/hcd\/wp-content\/uploads\/2020\/12\/decl.17-19.pdf\"><img decoding=\"async\" class=\"alignright wp-image-6224\" src=\"https:\/\/coworkdigital.com.ar\/hcd\/wp-content\/uploads\/2020\/06\/descarga_pdf-150x150.png\" width=\"50\" height=\"53\" srcset=\"https:\/\/coworkdigital.com.ar\/hcd\/wp-content\/uploads\/2020\/06\/descarga_pdf-282x300.png 282w, https:\/\/coworkdigital.com.ar\/hcd\/wp-content\/uploads\/2020\/06\/descarga_pdf.png 496w\" sizes=\"(max-width: 50px) 100vw, 50px\" \/><\/a><\/p>\n","protected":false},"excerpt":{"rendered":"<p>VISTO: El Expediente N\u00ba 2019-00100-3, caratulado, Bloque Acci\u00f3n y Militancia Peronista, Concejal Juan Garrido, presenta proyecto de Declaraci\u00f3n: realizaci\u00f3n de veredas y ciclo v\u00edas, mejoramiento de luminarias y reductores de velocidad, y &nbsp; CONSIDERANDO: \u00a0La necesidad de mejorar la seguridad f\u00edsica y de tr\u00e1nsito de los habitantes. Que en esta zona tan importante de Rivadavia, [&hellip;]<\/p>\n","protected":false},"author":1,"featured_media":0,"comment_status":"closed","ping_status":"closed","sticky":false,"template":"","format":"standard","meta":{"_acf_changed":false,"footnotes":""},"categories":[66],"tags":[],"class_list":["post-8903","post","type-post","status-publish","format-standard","hentry","category-declaraciones"],"acf":[],"_links":{"self":[{"href":"https:\/\/coworkdigital.com.ar\/hcd\/wp-json\/wp\/v2\/posts\/8903","targetHints":{"allow":["GET"]}}],"collection":[{"href":"https:\/\/coworkdigital.com.ar\/hcd\/wp-json\/wp\/v2\/posts"}],"about":[{"href":"https:\/\/coworkdigital.com.ar\/hcd\/wp-json\/wp\/v2\/types\/post"}],"author":[{"embeddable":true,"href":"https:\/\/coworkdigital.com.ar\/hcd\/wp-json\/wp\/v2\/users\/1"}],"replies":[{"embeddable":true,"href":"https:\/\/coworkdigital.com.ar\/hcd\/wp-json\/wp\/v2\/comments?post=8903"}],"version-history":[{"count":0,"href":"https:\/\/coworkdigital.com.ar\/hcd\/wp-json\/wp\/v2\/posts\/8903\/revisions"}],"wp:attachment":[{"href":"https:\/\/coworkdigital.com.ar\/hcd\/wp-json\/wp\/v2\/media?parent=8903"}],"wp:term":[{"taxonomy":"category","embeddable":true,"href":"https:\/\/coworkdigital.com.ar\/hcd\/wp-json\/wp\/v2\/categories?post=8903"},{"taxonomy":"post_tag","embeddable":true,"href":"https:\/\/coworkdigital.com.ar\/hcd\/wp-json\/wp\/v2\/tags?post=8903"}],"curies":[{"name":"wp","href":"https:\/\/api.w.org\/{rel}","templated":true}]}}