{"id":8907,"date":"2019-12-15T22:16:04","date_gmt":"2019-12-15T22:16:04","guid":{"rendered":"http:\/\/rivadaviamendoza.gob.ar\/hcd\/?p=8907"},"modified":"2019-12-15T22:16:04","modified_gmt":"2019-12-15T22:16:04","slug":"ordenanza-1234-2020-copy-copy-6-copy-copy-copy-copy-copy-copy-copy-copy-copy-copy-copy-copy-copy-copy-copy-copy-copy-2-copy-copy-copy-copy-copy-copy-copy-copy-copy-copy-copy-copy-copy-copy-copy-co-138","status":"publish","type":"post","link":"https:\/\/coworkdigital.com.ar\/hcd\/ordenanza-1234-2020-copy-copy-6-copy-copy-copy-copy-copy-copy-copy-copy-copy-copy-copy-copy-copy-copy-copy-copy-copy-2-copy-copy-copy-copy-copy-copy-copy-copy-copy-copy-copy-copy-copy-copy-copy-co-138\/","title":{"rendered":"DECLARACI\u00d3N N\u00ba 18-19"},"content":{"rendered":"<p><strong><img fetchpriority=\"high\" decoding=\"async\" class=\"alignnone wp-image-6853 size-full\" src=\"https:\/\/coworkdigital.com.ar\/hcd\/wp-content\/uploads\/2020\/12\/Zocalo-1.png\" width=\"3100\" height=\"482\" srcset=\"https:\/\/coworkdigital.com.ar\/hcd\/wp-content\/uploads\/2020\/12\/Zocalo-1.png 3100w, https:\/\/coworkdigital.com.ar\/hcd\/wp-content\/uploads\/2020\/12\/Zocalo-1-300x47.png 300w, https:\/\/coworkdigital.com.ar\/hcd\/wp-content\/uploads\/2020\/12\/Zocalo-1-1024x159.png 1024w, https:\/\/coworkdigital.com.ar\/hcd\/wp-content\/uploads\/2020\/12\/Zocalo-1-768x119.png 768w, https:\/\/coworkdigital.com.ar\/hcd\/wp-content\/uploads\/2020\/12\/Zocalo-1-1536x239.png 1536w, https:\/\/coworkdigital.com.ar\/hcd\/wp-content\/uploads\/2020\/12\/Zocalo-1-2048x318.png 2048w, https:\/\/coworkdigital.com.ar\/hcd\/wp-content\/uploads\/2020\/12\/Zocalo-1-600x93.png 600w, https:\/\/coworkdigital.com.ar\/hcd\/wp-content\/uploads\/2020\/12\/Zocalo-1-560x87.png 560w\" sizes=\"(max-width: 3100px) 100vw, 3100px\" \/><\/strong><\/p>\n<p><strong><u>VISTO:<\/u><\/strong><\/p>\n<p>El Expediente N\u00ba 2019-00160-7, caratulado, Bloque Ra\u00fal Alfons\u00edn, Concejales Abate, Mach\u00edn y S\u00e1nchez, presenta proyecto de Declaraci\u00f3n: Declarar de Inter\u00e9s Departamental, \u201cCharla de concientizaci\u00f3n sobre donaci\u00f3n de sangre y m\u00e9dula \u00f3sea, y<\/p>\n<p>&nbsp;<\/p>\n<p><strong><u>CONSIDERANDO:<\/u><\/strong><\/p>\n<p>La necesidad de Declarar de Inter\u00e9s Departamental, Social, Educativo, Cultural y\u00a0 Sanitario\u00a0 la charla de \u201cCONCIENTIZACI\u00d3N SOBRE DONACI\u00d3N DE SANGRE Y M\u00c9DULA \u00d3SEA\u201d.<\/p>\n<p>Que la presente propuesta nace con el prop\u00f3sito de\u00a0 acercar las partes m\u00e1s comprometidas con la tem\u00e1tica: el Sistema Educativo, el Sistema de Salud y Asociaciones, a fin de promover un enriquecedor intercambio de conocimientos y experiencias entre sus protagonistas, con el prop\u00f3sito de dar respuesta a prioridades m\u00e9dico-sociales que requieren una pronta inserci\u00f3n educativa y cultural.<\/p>\n<p>Que ser donante es un acto solidario y un compromiso a largo plazo.<\/p>\n<p>Que 3 de cada 4 pacientes no tienen donante compatible de m\u00e9dula \u00f3sea en su familia y necesitan un donante.<\/p>\n<p>Que inscribirse en el Registro Nacional de Donantes Voluntarios de CPH es un\u00a0acto solidario, voluntario y altruista que les da una oportunidad a los pacientes que no tienen donante compatible en su familia.<\/p>\n<p>Que al d\u00eda de la fecha seg\u00fan los datos del INCUCAI, 7408 personas necesitan un trasplante para salvar su vida en este momento, 901 es la cantidad de trasplantes realizados durante este a\u00f1o 2019, 426 personas donaron este a\u00f1o sus \u00f3rganos y 948 es la cantidad de donantes por cada mill\u00f3n de habitantes en este a\u00f1o.<\/p>\n<p>Que el trasplante de \u00f3rganos y la transfusi\u00f3n de sangre es hoy, para miles de enfermos y discapacitados argentinos, un camino m\u00e9dico aut\u00e9nticamente posible para recuperar la salud, superar la discapacidad, y, en muchos casos, salvar la vida.<\/p>\n<p>Que esta realidad, necesita de la educaci\u00f3n para generar desde la escuela, una nueva cultura de la donaci\u00f3n de sangre y m\u00e9dula \u00f3sea que propicie la toma de decisiones frente a esta tem\u00e1tica.<\/p>\n<p>Que necesitamos favorecer acciones din\u00e1micas y renovadas de difusi\u00f3n, concientizaci\u00f3n y educaci\u00f3n, que permitan la inserci\u00f3n social y masiva del mensaje de donaci\u00f3n de sangre y medula \u00f3sea y promuevan la participaci\u00f3n protag\u00f3nica de personas e instituciones solidarias con la esperanza de vida. \u00b7<\/p>\n<p>Que necesitamos propiciar el an\u00e1lisis cr\u00edtico y responsable de la problem\u00e1tica de la Donaci\u00f3n de sangre y m\u00e9dula \u00f3sea para trasplantes en el marco de la realidad cotidiana y el entorno inmediato, buscando incorporar nuevas alternativas de ense\u00f1anza-aprendizaje que vinculen significativamente la escuela a la vida.<\/p>\n<p>Que buscamos mitigar el desconocimiento, la desinformaci\u00f3n y los temores frente a la donaci\u00f3n de \u00f3rganos, y a los procesos y acciones m\u00e9dico-sociales vinculadas.<\/p>\n<p>&nbsp;<\/p>\n<p><strong><u>POR ELLO:<\/u><\/strong><\/p>\n<p>El Honorable Concejo Deliberante de Rivadavia, Mendoza, en uso de sus facultades:<\/p>\n<p>&nbsp;<\/p>\n<p><strong><u>DECLARA:<\/u><\/strong><\/p>\n<p><strong><u>Art\u00edculo 1\u00ba:<\/u><\/strong> Declarar de Inter\u00e9s Departamental, Social, Educativo, Cultural y Sanitario la\u00a0 \u201cCHARLA DE CONCIENTIZACI\u00d3N SOBRE DONACI\u00d3N DE SANGRE Y M\u00c9DULA \u00d3SEA\u201d a realizarse el pr\u00f3ximo d\u00eda jueves 27 de Junio de 19 a 21hs, en el Teatro Luis Encio Bianchi, que ser\u00e1 dictada por la Profesora Rosana Ruiz miembro voluntario de la Asociaci\u00f3n \u201cHagamos Algo por los chicos con leucemia\u201d, por Ana Mar\u00eda Pavoni\u00a0 la Directora de la Asociaci\u00f3n \u201cHagamos Algo por los chicos con Leucemia\u201d y por la Dra. Gabriela Hidalgo responsable de INCUCAI Mendoza (se anexa\u00a0 proyecto original de la jornada elaborado por la docente Ruiz, Rosana Bel\u00e9n)<\/p>\n<p><strong><u>Art\u00edculo 2\u00b0:<\/u><\/strong> Realizar campa\u00f1a de difusi\u00f3n en los medios de comunicaci\u00f3n del Departamento para que toda la poblaci\u00f3n tome conocimiento de la jornada y pueda asistir.<\/p>\n<p><strong><u>Art\u00edculo 3\u00ba:<\/u><\/strong> Comun\u00edquese al Departamento Ejecutivo a sus efectos e ins\u00e9rtese en el Libro de Declaraciones de este Cuerpo.<\/p>\n<p>&nbsp;<\/p>\n<p>Dada en la Sala de Sesiones, \u201cBandera Nacional Argentina\u201d, del Honorable Concejo Deliberante de Rivadavia, Mendoza, a los 25 d\u00edas del mes de junio \u00a0\u00a0de 2019.<\/p>\n<p>&nbsp;<\/p>\n<p>&nbsp;<\/p>\n<p><strong>\u00a0 \u00a0 \u00a0 \u00a0 \u00a0 \u00a0MAR\u00cdA IN\u00c9S DALLAGO\u00a0\u00a0\u00a0\u00a0\u00a0\u00a0\u00a0\u00a0\u00a0\u00a0\u00a0\u00a0\u00a0\u00a0\u00a0\u00a0\u00a0\u00a0\u00a0\u00a0\u00a0\u00a0\u00a0\u00a0\u00a0\u00a0\u00a0\u00a0\u00a0\u00a0\u00a0\u00a0\u00a0\u00a0\u00a0\u00a0\u00a0\u00a0\u00a0\u00a0\u00a0\u00a0\u00a0\u00a0\u00a0\u00a0\u00a0\u00a0\u00a0\u00a0\u00a0\u00a0 MAURICIO DI C\u00c9SARE<\/strong><\/p>\n<p><strong>\u00a0\u00a0\u00a0\u00a0\u00a0\u00a0\u00a0\u00a0\u00a0\u00a0\u00a0 \u00a0 SECRETARIA H.C.D.\u00a0\u00a0\u00a0\u00a0\u00a0\u00a0\u00a0\u00a0\u00a0\u00a0\u00a0\u00a0\u00a0\u00a0\u00a0\u00a0\u00a0\u00a0\u00a0\u00a0\u00a0\u00a0\u00a0\u00a0\u00a0\u00a0\u00a0\u00a0\u00a0\u00a0\u00a0\u00a0\u00a0\u00a0\u00a0\u00a0\u00a0\u00a0\u00a0\u00a0\u00a0\u00a0\u00a0\u00a0\u00a0\u00a0\u00a0\u00a0\u00a0\u00a0\u00a0\u00a0\u00a0\u00a0\u00a0\u00a0 \u00a0\u00a0 PRESIDENTE H.C.D.<\/strong><\/p>\n<p><strong>\u00a0<\/strong><\/p>\n<p><strong>\u00a0<\/strong><\/p>\n<p>Cpde. Expte. N\u00ba 2019-00160-7\u00a0 H.C.D.<\/p>\n<p><a href=\"https:\/\/coworkdigital.com.ar\/hcd\/wp-content\/uploads\/2020\/12\/decl.18-19.pdf\"><img decoding=\"async\" class=\"alignright wp-image-6224\" src=\"https:\/\/coworkdigital.com.ar\/hcd\/wp-content\/uploads\/2020\/06\/descarga_pdf-150x150.png\" width=\"50\" height=\"53\" srcset=\"https:\/\/coworkdigital.com.ar\/hcd\/wp-content\/uploads\/2020\/06\/descarga_pdf-282x300.png 282w, https:\/\/coworkdigital.com.ar\/hcd\/wp-content\/uploads\/2020\/06\/descarga_pdf.png 496w\" sizes=\"(max-width: 50px) 100vw, 50px\" \/><\/a><\/p>\n","protected":false},"excerpt":{"rendered":"<p>VISTO: El Expediente N\u00ba 2019-00160-7, caratulado, Bloque Ra\u00fal Alfons\u00edn, Concejales Abate, Mach\u00edn y S\u00e1nchez, presenta proyecto de Declaraci\u00f3n: Declarar de Inter\u00e9s Departamental, \u201cCharla de concientizaci\u00f3n sobre donaci\u00f3n de sangre y m\u00e9dula \u00f3sea, y &nbsp; CONSIDERANDO: La necesidad de Declarar de Inter\u00e9s Departamental, Social, Educativo, Cultural y\u00a0 Sanitario\u00a0 la charla de \u201cCONCIENTIZACI\u00d3N SOBRE DONACI\u00d3N DE SANGRE [&hellip;]<\/p>\n","protected":false},"author":1,"featured_media":0,"comment_status":"closed","ping_status":"closed","sticky":false,"template":"","format":"standard","meta":{"_acf_changed":false,"footnotes":""},"categories":[66],"tags":[],"class_list":["post-8907","post","type-post","status-publish","format-standard","hentry","category-declaraciones"],"acf":[],"_links":{"self":[{"href":"https:\/\/coworkdigital.com.ar\/hcd\/wp-json\/wp\/v2\/posts\/8907","targetHints":{"allow":["GET"]}}],"collection":[{"href":"https:\/\/coworkdigital.com.ar\/hcd\/wp-json\/wp\/v2\/posts"}],"about":[{"href":"https:\/\/coworkdigital.com.ar\/hcd\/wp-json\/wp\/v2\/types\/post"}],"author":[{"embeddable":true,"href":"https:\/\/coworkdigital.com.ar\/hcd\/wp-json\/wp\/v2\/users\/1"}],"replies":[{"embeddable":true,"href":"https:\/\/coworkdigital.com.ar\/hcd\/wp-json\/wp\/v2\/comments?post=8907"}],"version-history":[{"count":0,"href":"https:\/\/coworkdigital.com.ar\/hcd\/wp-json\/wp\/v2\/posts\/8907\/revisions"}],"wp:attachment":[{"href":"https:\/\/coworkdigital.com.ar\/hcd\/wp-json\/wp\/v2\/media?parent=8907"}],"wp:term":[{"taxonomy":"category","embeddable":true,"href":"https:\/\/coworkdigital.com.ar\/hcd\/wp-json\/wp\/v2\/categories?post=8907"},{"taxonomy":"post_tag","embeddable":true,"href":"https:\/\/coworkdigital.com.ar\/hcd\/wp-json\/wp\/v2\/tags?post=8907"}],"curies":[{"name":"wp","href":"https:\/\/api.w.org\/{rel}","templated":true}]}}