{"id":8910,"date":"2019-12-15T22:17:31","date_gmt":"2019-12-15T22:17:31","guid":{"rendered":"http:\/\/rivadaviamendoza.gob.ar\/hcd\/?p=8910"},"modified":"2019-12-15T22:17:31","modified_gmt":"2019-12-15T22:17:31","slug":"ordenanza-1234-2020-copy-copy-6-copy-copy-copy-copy-copy-copy-copy-copy-copy-copy-copy-copy-copy-copy-copy-copy-copy-2-copy-copy-copy-copy-copy-copy-copy-copy-copy-copy-copy-copy-copy-copy-copy-co-139","status":"publish","type":"post","link":"https:\/\/coworkdigital.com.ar\/hcd\/ordenanza-1234-2020-copy-copy-6-copy-copy-copy-copy-copy-copy-copy-copy-copy-copy-copy-copy-copy-copy-copy-copy-copy-2-copy-copy-copy-copy-copy-copy-copy-copy-copy-copy-copy-copy-copy-copy-copy-co-139\/","title":{"rendered":"DECLARACI\u00d3N N\u00ba 19-19"},"content":{"rendered":"<p><strong><img fetchpriority=\"high\" decoding=\"async\" class=\"alignnone wp-image-6853 size-full\" src=\"https:\/\/coworkdigital.com.ar\/hcd\/wp-content\/uploads\/2020\/12\/Zocalo-1.png\" width=\"3100\" height=\"482\" srcset=\"https:\/\/coworkdigital.com.ar\/hcd\/wp-content\/uploads\/2020\/12\/Zocalo-1.png 3100w, https:\/\/coworkdigital.com.ar\/hcd\/wp-content\/uploads\/2020\/12\/Zocalo-1-300x47.png 300w, https:\/\/coworkdigital.com.ar\/hcd\/wp-content\/uploads\/2020\/12\/Zocalo-1-1024x159.png 1024w, https:\/\/coworkdigital.com.ar\/hcd\/wp-content\/uploads\/2020\/12\/Zocalo-1-768x119.png 768w, https:\/\/coworkdigital.com.ar\/hcd\/wp-content\/uploads\/2020\/12\/Zocalo-1-1536x239.png 1536w, https:\/\/coworkdigital.com.ar\/hcd\/wp-content\/uploads\/2020\/12\/Zocalo-1-2048x318.png 2048w, https:\/\/coworkdigital.com.ar\/hcd\/wp-content\/uploads\/2020\/12\/Zocalo-1-600x93.png 600w, https:\/\/coworkdigital.com.ar\/hcd\/wp-content\/uploads\/2020\/12\/Zocalo-1-560x87.png 560w\" sizes=\"(max-width: 3100px) 100vw, 3100px\" \/><\/strong><\/p>\n<p><strong><u>VISTO:<\/u><\/strong><\/p>\n<p>El Expediente N\u00ba 2019-00158-1, caratulado, Bloque Ra\u00fal Alfons\u00edn, Concejales Abate, Mach\u00edn y S\u00e1nchez, presenta proyecto de Declaraci\u00f3n: Declarar de Inter\u00e9s Departamental, la Capilla Nuestra Se\u00f1ora del Perpetuo Socorro, del distrito La Reducci\u00f3n, y<\/p>\n<p>&nbsp;<\/p>\n<p><strong><u>CONSIDERANDO:<\/u><\/strong><\/p>\n<p>La importancia de reconocer de Inter\u00e9s Departamental la Capilla Nuestra Se\u00f1ora del Perpetuo Socorro del distrito La Reducci\u00f3n.<\/p>\n<p>Que la historia nos dice que llegaban a\u00a0 La Reducci\u00f3n los primeros migrantes en el a\u00f1o 1.891, no hab\u00eda oratorios, las inundaciones hab\u00edan terminado con muchos de ellos. En esas \u00e9pocas se fundaban oratorios en cada estancia.<\/p>\n<p>Que cuando en 1.772 se construye el Fuerte de San Carlos, los padres misioneros pod\u00edan llegar hasta Barrancas y Reducci\u00f3n en sus giras pastorales hacia las Lagunas de Guanacache. Reducci\u00f3n era lugar obligado del paso de las caravanas de carretas y arrias que sal\u00edan desde el Valle de Uco. En esas caravanas, los padres misioneros visitaban los oratorios.<\/p>\n<p>Que en 1.753 ya hab\u00eda oratorio en La Reducci\u00f3n, la mayor\u00eda de estos eran improvisados. Con la llegada de los primeros inmigrantes, Don Jos\u00e9 Mar\u00eda Gonz\u00e1lez ofreci\u00f3 un saloncito de su propiedad para que all\u00ed funcionara un oratorio. Cuatro paredes de adobe y una cruz, sobre calle Real Reducci\u00f3n, poco tiempo hab\u00eda pasado cuando los vecinos se reunieron para nombrar la comisi\u00f3n encargada para reunir fondos para construir un santuario m\u00e1s c\u00f3modo, m\u00e1s amplio, con mayor capacidad para los vecinos de la zona.<\/p>\n<p>Que en 1.913 la comisi\u00f3n consigue un terreno donado por Vidal Gonz\u00e1lez Oro eran 1.986 metros, ubicado en calle Centenario. Los vecinos comenzaron a trabajar con entusiasmo, todos colaboraban de alguna manera para levantar el templo.<\/p>\n<p>Que en 1.913 El Obispo Diocesano Jos\u00e9 Am\u00e9rico Orzali bendice en diciembre la piedra fundamental colocada en el terreno donado. As\u00ed naci\u00f3 esta hermosa Capilla llamada Nuestra Se\u00f1ora del Perpetuo Socorro, es un templo muy querido por el pueblo de La Reducci\u00f3n.<\/p>\n<p>Que su deterioro a lo largo de los a\u00f1os, llev\u00f3 a que el mismo fuera clausurado y all\u00ed no se pudieran realizar actividades pastorales.<\/p>\n<p>Que se recaudaron fondos para poder reparar la capilla\u00a0 y el 12 de marzo del a\u00f1o 2.017 dicho templo se abri\u00f3 nuevamente a la comunidad.<\/p>\n<p>Que la importancia y antig\u00fcedad que tiene esta Iglesia, es la m\u00e1s antigua del Departamento, sumando los a\u00f1os que fue oratorio y luego capilla.<\/p>\n<p>Que por todo lo expuesto anteriormente es importante destacar dicha capilla de Inter\u00e9s Departamental ya que para la comunidad cristiana tiene un gran valor espiritual, donde afloran los sentimientos de su poblaci\u00f3n dando gracias a Dios.<\/p>\n<p>&nbsp;<\/p>\n<p><strong><u>POR ELLO:<\/u><\/strong><\/p>\n<p>El Honorable Concejo Deliberante de Rivadavia, Mendoza, en uso de sus facultades:<\/p>\n<p>&nbsp;<\/p>\n<p><strong><u>DECLARA:<\/u><\/strong><\/p>\n<p><strong><u>Art\u00edculo 1\u00ba:<\/u><\/strong> Declarar de Inter\u00e9s Departamental, Social, Cultural y Religioso la Capilla Nuestra Se\u00f1ora del Perpetuo Socorro del Distrito La Reducci\u00f3n.<\/p>\n<p><strong><u>Art\u00edculo 2\u00b0:<\/u> <\/strong>Rem\u00edtase copia de la siguiente pieza legal al Arzobispado de Mendoza, a la Parroquia Sant\u00edsima Trinidad y a la Capilla Nuestra Sra. del Perpetuo Socorro.<\/p>\n<p><strong><u>Art\u00edculo 3\u00ba:<\/u><\/strong> Comun\u00edquese al Departamento Ejecutivo a sus efectos e ins\u00e9rtese en el Libro de Declaraciones de este Cuerpo.<\/p>\n<p>&nbsp;<\/p>\n<p>Dada en la Sala de Sesiones, \u201cBandera Nacional Argentina\u201d, del Honorable Concejo Deliberante de Rivadavia, Mendoza, a los 25 d\u00edas del mes de junio de 2019.<\/p>\n<p>&nbsp;<\/p>\n<p>&nbsp;<\/p>\n<p><strong>\u00a0 \u00a0 \u00a0 \u00a0 \u00a0 \u00a0MAR\u00cdA IN\u00c9S DALLAGO\u00a0 \u00a0 \u00a0 \u00a0 \u00a0 \u00a0 \u00a0 \u00a0 \u00a0 \u00a0 \u00a0 \u00a0 \u00a0 \u00a0 \u00a0 \u00a0 \u00a0 \u00a0 \u00a0 \u00a0 \u00a0 \u00a0 \u00a0 \u00a0 \u00a0 MAURICIO DI C\u00c9SARE<\/strong><\/p>\n<p><strong>\u00a0\u00a0\u00a0\u00a0\u00a0\u00a0\u00a0\u00a0\u00a0\u00a0\u00a0 \u00a0 SECRETARIA H.C.D.\u00a0\u00a0\u00a0\u00a0\u00a0\u00a0\u00a0\u00a0\u00a0\u00a0\u00a0\u00a0\u00a0\u00a0\u00a0\u00a0\u00a0\u00a0\u00a0\u00a0\u00a0\u00a0\u00a0\u00a0\u00a0\u00a0\u00a0\u00a0\u00a0\u00a0\u00a0\u00a0\u00a0\u00a0\u00a0\u00a0\u00a0\u00a0\u00a0\u00a0\u00a0\u00a0\u00a0\u00a0\u00a0\u00a0\u00a0\u00a0\u00a0\u00a0\u00a0\u00a0 \u00a0\u00a0 PRESIDENTE H.C.D.<\/strong><\/p>\n<p><strong>\u00a0<\/strong><\/p>\n<p><strong>\u00a0<\/strong><\/p>\n<p>Cpde. Expte. N\u00ba 2019-00158-1\u00a0 H.C.D.<\/p>\n<p><a href=\"https:\/\/coworkdigital.com.ar\/hcd\/wp-content\/uploads\/2020\/12\/decl.19-19.pdf\"><img decoding=\"async\" class=\"alignright wp-image-6224\" src=\"https:\/\/coworkdigital.com.ar\/hcd\/wp-content\/uploads\/2020\/06\/descarga_pdf-150x150.png\" width=\"50\" height=\"53\" srcset=\"https:\/\/coworkdigital.com.ar\/hcd\/wp-content\/uploads\/2020\/06\/descarga_pdf-282x300.png 282w, https:\/\/coworkdigital.com.ar\/hcd\/wp-content\/uploads\/2020\/06\/descarga_pdf.png 496w\" sizes=\"(max-width: 50px) 100vw, 50px\" \/><\/a><\/p>\n","protected":false},"excerpt":{"rendered":"<p>VISTO: El Expediente N\u00ba 2019-00158-1, caratulado, Bloque Ra\u00fal Alfons\u00edn, Concejales Abate, Mach\u00edn y S\u00e1nchez, presenta proyecto de Declaraci\u00f3n: Declarar de Inter\u00e9s Departamental, la Capilla Nuestra Se\u00f1ora del Perpetuo Socorro, del distrito La Reducci\u00f3n, y &nbsp; CONSIDERANDO: La importancia de reconocer de Inter\u00e9s Departamental la Capilla Nuestra Se\u00f1ora del Perpetuo Socorro del distrito La Reducci\u00f3n. Que [&hellip;]<\/p>\n","protected":false},"author":1,"featured_media":0,"comment_status":"closed","ping_status":"closed","sticky":false,"template":"","format":"standard","meta":{"_acf_changed":false,"footnotes":""},"categories":[66],"tags":[],"class_list":["post-8910","post","type-post","status-publish","format-standard","hentry","category-declaraciones"],"acf":[],"_links":{"self":[{"href":"https:\/\/coworkdigital.com.ar\/hcd\/wp-json\/wp\/v2\/posts\/8910","targetHints":{"allow":["GET"]}}],"collection":[{"href":"https:\/\/coworkdigital.com.ar\/hcd\/wp-json\/wp\/v2\/posts"}],"about":[{"href":"https:\/\/coworkdigital.com.ar\/hcd\/wp-json\/wp\/v2\/types\/post"}],"author":[{"embeddable":true,"href":"https:\/\/coworkdigital.com.ar\/hcd\/wp-json\/wp\/v2\/users\/1"}],"replies":[{"embeddable":true,"href":"https:\/\/coworkdigital.com.ar\/hcd\/wp-json\/wp\/v2\/comments?post=8910"}],"version-history":[{"count":0,"href":"https:\/\/coworkdigital.com.ar\/hcd\/wp-json\/wp\/v2\/posts\/8910\/revisions"}],"wp:attachment":[{"href":"https:\/\/coworkdigital.com.ar\/hcd\/wp-json\/wp\/v2\/media?parent=8910"}],"wp:term":[{"taxonomy":"category","embeddable":true,"href":"https:\/\/coworkdigital.com.ar\/hcd\/wp-json\/wp\/v2\/categories?post=8910"},{"taxonomy":"post_tag","embeddable":true,"href":"https:\/\/coworkdigital.com.ar\/hcd\/wp-json\/wp\/v2\/tags?post=8910"}],"curies":[{"name":"wp","href":"https:\/\/api.w.org\/{rel}","templated":true}]}}