{"id":9113,"date":"2018-12-16T12:36:21","date_gmt":"2018-12-16T12:36:21","guid":{"rendered":"http:\/\/rivadaviamendoza.gob.ar\/hcd\/?p=9113"},"modified":"2018-12-16T12:36:21","modified_gmt":"2018-12-16T12:36:21","slug":"ordenanza-1234-2020-copy-copy-6-copy-copy-copy-copy-copy-copy-copy-copy-copy-copy-copy-copy-copy-copy-copy-copy-copy-2-copy-copy-copy-copy-copy-copy-copy-copy-copy-copy-copy-copy-copy-copy-copy-co-175","status":"publish","type":"post","link":"https:\/\/coworkdigital.com.ar\/hcd\/ordenanza-1234-2020-copy-copy-6-copy-copy-copy-copy-copy-copy-copy-copy-copy-copy-copy-copy-copy-copy-copy-copy-copy-2-copy-copy-copy-copy-copy-copy-copy-copy-copy-copy-copy-copy-copy-copy-copy-co-175\/","title":{"rendered":"DECLARACI\u00d3N N\u00ba 04-18"},"content":{"rendered":"<p><strong><img fetchpriority=\"high\" decoding=\"async\" class=\"alignnone wp-image-6853 size-full\" src=\"https:\/\/coworkdigital.com.ar\/hcd\/wp-content\/uploads\/2020\/12\/Zocalo-1.png\" width=\"3100\" height=\"482\" srcset=\"https:\/\/coworkdigital.com.ar\/hcd\/wp-content\/uploads\/2020\/12\/Zocalo-1.png 3100w, https:\/\/coworkdigital.com.ar\/hcd\/wp-content\/uploads\/2020\/12\/Zocalo-1-300x47.png 300w, https:\/\/coworkdigital.com.ar\/hcd\/wp-content\/uploads\/2020\/12\/Zocalo-1-1024x159.png 1024w, https:\/\/coworkdigital.com.ar\/hcd\/wp-content\/uploads\/2020\/12\/Zocalo-1-768x119.png 768w, https:\/\/coworkdigital.com.ar\/hcd\/wp-content\/uploads\/2020\/12\/Zocalo-1-1536x239.png 1536w, https:\/\/coworkdigital.com.ar\/hcd\/wp-content\/uploads\/2020\/12\/Zocalo-1-2048x318.png 2048w, https:\/\/coworkdigital.com.ar\/hcd\/wp-content\/uploads\/2020\/12\/Zocalo-1-600x93.png 600w, https:\/\/coworkdigital.com.ar\/hcd\/wp-content\/uploads\/2020\/12\/Zocalo-1-560x87.png 560w\" sizes=\"(max-width: 3100px) 100vw, 3100px\" \/><\/strong><\/p>\n<p><strong><u>VISTO:<\/u><\/strong><\/p>\n<p>El Expediente N\u00ba 2018-00059-2, caratulado Bloques PS-UCR, presentan proyecto de Declaraci\u00f3n, referido al reconocimiento a egresados Curso Municipal en Lenguas de Se\u00f1as Argentinas, y<\/p>\n<p>&nbsp;<\/p>\n<p><strong><u>CONSIDERANDO:<\/u><\/strong><\/p>\n<p>La Ordenanza N\u00ba 4.820-16, aprobada por el Honorable Concejo Deliberante, a los 06 d\u00edas del mes de octubre de 2016 que ordena adherirse\u00a0en todos los t\u00e9rminos a la Ley Provincial N\u00ba 7.393\/05 de supresi\u00f3n de barreras comunicacionales a trav\u00e9s del uso de la Lengua de Se\u00f1as Argentinas (LSA) y donde establece un programa de capacitaci\u00f3n sobre el uso de la Lengua de Se\u00f1as para empleados municipales de diversas \u00e1reas cuya funci\u00f3n radique en la atenci\u00f3n al vecino, y<\/p>\n<p>Que la Comuna de Rivadavia es consciente de que toda persona tiene derecho a vivir en forma independiente y participar plenamente en todos los aspectos de la vida. Es por ello que, desde el a\u00f1o 2006, se viene trabajando en una pol\u00edtica inclusiva que hace especial hincapi\u00e9 en la inclusi\u00f3n de la Comunidad Sorda del Departamento.<\/p>\n<p>Que se comenz\u00f3 a contar con la presencia de int\u00e9rpretes de Lengua de Se\u00f1as (LSA) en el calendario de actividades previstas por el Municipio, siendo la Direcci\u00f3n de Cultura la encargada de llevar a cabo la implementaci\u00f3n de esta medida, como por ejemplo en Vendimias, actos y en el Festival Rivadavia Canta al Pa\u00eds.<\/p>\n<p>Que todo intento queda peque\u00f1o si hablamos de igualar derechos. Por ello, desde el \u00c1rea de Recursos Humanos e Higiene y Seguridad se busca ampliar la pol\u00edtica de inclusi\u00f3n que se ha venido desarrollando en estos \u00faltimos 10 a\u00f1os.<\/p>\n<p>Que surgi\u00f3 as\u00ed la necesidad de capacitar a los empleados municipales de diversas \u00e1reas (cuya funci\u00f3n radique en la atenci\u00f3n al p\u00fablico) en el conocimiento y uso de la LSA para que puedan brindar una mejor atenci\u00f3n a los vecinos que tienen discapacidad auditiva.<\/p>\n<p>Que durante el a\u00f1o 2017 comenz\u00f3 el curso dirigido a empleados municipales, pero que en el presente se extender\u00e1\u00a0 a todas las personas y organismos interesados en aprender Lengua de Se\u00f1as.<\/p>\n<p>Que el pasado 4 de marzo en la Casa de la Cultura, 6 agentes municipales de distintas \u00e1reas recibieron su diploma por el Curso de Lengua de Se\u00f1as, los mismos asistieron y pudieron finalizarlo adem\u00e1s de realizar una exposici\u00f3n de sus conocimientos adquiridos ante ciudadanos sordos especialmente invitados.<\/p>\n<p>&nbsp;<\/p>\n<p><strong><u>POR ELLO:<\/u><\/strong><\/p>\n<p>El Honorable Concejo Deliberante de Rivadavia, Mendoza, en uso de sus facultades:<\/p>\n<p>&nbsp;<\/p>\n<p><strong><u>DECLARA:<\/u><\/strong><\/p>\n<p><strong><u>Art\u00edculo 1\u00ba:<\/u><\/strong> El Honorable Concejo Deliberante de Rivadavia, resuelve otorgar un reconocimiento institucional a los empleados municipales egresados en el Curso Municipal de Lengua de Se\u00f1as, ellos son:<\/p>\n<ol>\n<li>Candelaresi Leandro. DNI 32.212.046<\/li>\n<li>Videla Mar\u00eda Alexia. DNI 33.822.669<\/li>\n<li>Rivarola, Facundo. DNI 25.245.273<\/li>\n<li>Sanchez, Romina Anabela. DNI 31.490.860<\/li>\n<li>Andrade Mercedes Lourdes. DNI 13.871.803<\/li>\n<li>Nina Carlos Luis. DNI 36.927.206.<\/li>\n<\/ol>\n<p><strong><u>Art\u00edculo 2\u00ba:<\/u><\/strong> Autor\u00edcese a la Presidencia de este Cuerpo, para que en nombre del Concejo Deliberante de Rivadavia, en representaci\u00f3n del Pueblo de nuestro Departamento, haga entrega de un diploma de reconocimiento a los mencionados empleados.<\/p>\n<p><strong><u>Art\u00edculo 3\u00ba:<\/u><\/strong> Comun\u00edquese al Departamento Ejecutivo a sus efectos e ins\u00e9rtese en el Libro de Declaraciones de este Cuerpo.<\/p>\n<p>&nbsp;<\/p>\n<p>Dada en la Sala de Sesiones, \u201cBandera Nacional Argentina\u201d, del Honorable Concejo Deliberante de Rivadavia, Mendoza, a los 17 d\u00edas del mes de abril de 2018.<\/p>\n<p>&nbsp;<\/p>\n<p>&nbsp;<\/p>\n<p><strong>\u00a0 \u00a0 \u00a0 \u00a0 \u00a0Lic.<\/strong> <strong>BRUNO AMBROSINI\u00a0\u00a0\u00a0\u00a0\u00a0\u00a0\u00a0\u00a0\u00a0\u00a0\u00a0\u00a0\u00a0\u00a0\u00a0\u00a0\u00a0\u00a0\u00a0\u00a0\u00a0\u00a0\u00a0\u00a0\u00a0\u00a0\u00a0\u00a0\u00a0\u00a0\u00a0\u00a0\u00a0\u00a0\u00a0\u00a0\u00a0\u00a0\u00a0\u00a0\u00a0\u00a0\u00a0\u00a0\u00a0\u00a0\u00a0\u00a0\u00a0\u00a0\u00a0 LUCIO GUTIERREZ<\/strong><\/p>\n<p><strong>\u00a0\u00a0\u00a0\u00a0\u00a0\u00a0\u00a0\u00a0\u00a0\u00a0\u00a0 \u00a0\u00a0 SECRETARIO H.C.D.\u00a0\u00a0\u00a0\u00a0\u00a0\u00a0\u00a0\u00a0\u00a0\u00a0\u00a0\u00a0\u00a0\u00a0\u00a0\u00a0\u00a0\u00a0\u00a0\u00a0\u00a0\u00a0\u00a0\u00a0\u00a0\u00a0\u00a0\u00a0\u00a0\u00a0\u00a0\u00a0\u00a0\u00a0\u00a0\u00a0\u00a0\u00a0\u00a0\u00a0\u00a0\u00a0\u00a0\u00a0\u00a0\u00a0\u00a0\u00a0\u00a0\u00a0\u00a0\u00a0\u00a0\u00a0 PRESIDENTE H.C.D.<\/strong><\/p>\n<p>&nbsp;<\/p>\n<p>&nbsp;<\/p>\n<p>Cpde. Expte. N\u00ba 2018-00059-2\u00a0 H.C.D.<\/p>\n<p><a href=\"https:\/\/coworkdigital.com.ar\/hcd\/wp-content\/uploads\/2020\/12\/decl-04-18.pdf\"><img decoding=\"async\" class=\"alignright wp-image-6224\" src=\"https:\/\/coworkdigital.com.ar\/hcd\/wp-content\/uploads\/2020\/06\/descarga_pdf-150x150.png\" width=\"50\" height=\"53\" srcset=\"https:\/\/coworkdigital.com.ar\/hcd\/wp-content\/uploads\/2020\/06\/descarga_pdf-282x300.png 282w, https:\/\/coworkdigital.com.ar\/hcd\/wp-content\/uploads\/2020\/06\/descarga_pdf.png 496w\" sizes=\"(max-width: 50px) 100vw, 50px\" \/><\/a><\/p>\n","protected":false},"excerpt":{"rendered":"<p>VISTO: El Expediente N\u00ba 2018-00059-2, caratulado Bloques PS-UCR, presentan proyecto de Declaraci\u00f3n, referido al reconocimiento a egresados Curso Municipal en Lenguas de Se\u00f1as Argentinas, y &nbsp; CONSIDERANDO: La Ordenanza N\u00ba 4.820-16, aprobada por el Honorable Concejo Deliberante, a los 06 d\u00edas del mes de octubre de 2016 que ordena adherirse\u00a0en todos los t\u00e9rminos a la [&hellip;]<\/p>\n","protected":false},"author":1,"featured_media":0,"comment_status":"closed","ping_status":"closed","sticky":false,"template":"","format":"standard","meta":{"_acf_changed":false,"footnotes":""},"categories":[66],"tags":[],"class_list":["post-9113","post","type-post","status-publish","format-standard","hentry","category-declaraciones"],"acf":[],"_links":{"self":[{"href":"https:\/\/coworkdigital.com.ar\/hcd\/wp-json\/wp\/v2\/posts\/9113","targetHints":{"allow":["GET"]}}],"collection":[{"href":"https:\/\/coworkdigital.com.ar\/hcd\/wp-json\/wp\/v2\/posts"}],"about":[{"href":"https:\/\/coworkdigital.com.ar\/hcd\/wp-json\/wp\/v2\/types\/post"}],"author":[{"embeddable":true,"href":"https:\/\/coworkdigital.com.ar\/hcd\/wp-json\/wp\/v2\/users\/1"}],"replies":[{"embeddable":true,"href":"https:\/\/coworkdigital.com.ar\/hcd\/wp-json\/wp\/v2\/comments?post=9113"}],"version-history":[{"count":0,"href":"https:\/\/coworkdigital.com.ar\/hcd\/wp-json\/wp\/v2\/posts\/9113\/revisions"}],"wp:attachment":[{"href":"https:\/\/coworkdigital.com.ar\/hcd\/wp-json\/wp\/v2\/media?parent=9113"}],"wp:term":[{"taxonomy":"category","embeddable":true,"href":"https:\/\/coworkdigital.com.ar\/hcd\/wp-json\/wp\/v2\/categories?post=9113"},{"taxonomy":"post_tag","embeddable":true,"href":"https:\/\/coworkdigital.com.ar\/hcd\/wp-json\/wp\/v2\/tags?post=9113"}],"curies":[{"name":"wp","href":"https:\/\/api.w.org\/{rel}","templated":true}]}}