{"id":9203,"date":"2018-12-16T18:23:18","date_gmt":"2018-12-16T18:23:18","guid":{"rendered":"http:\/\/rivadaviamendoza.gob.ar\/hcd\/?p=9203"},"modified":"2018-12-16T18:23:18","modified_gmt":"2018-12-16T18:23:18","slug":"ordenanza-1234-2020-copy-copy-6-copy-copy-copy-copy-copy-copy-copy-copy-copy-copy-copy-copy-copy-copy-copy-copy-copy-2-copy-copy-copy-copy-copy-copy-copy-copy-copy-copy-copy-copy-copy-copy-copy-co-180","status":"publish","type":"post","link":"https:\/\/coworkdigital.com.ar\/hcd\/ordenanza-1234-2020-copy-copy-6-copy-copy-copy-copy-copy-copy-copy-copy-copy-copy-copy-copy-copy-copy-copy-copy-copy-2-copy-copy-copy-copy-copy-copy-copy-copy-copy-copy-copy-copy-copy-copy-copy-co-180\/","title":{"rendered":"DECLARACI\u00d3N N\u00ba 09-18"},"content":{"rendered":"<p><strong><img fetchpriority=\"high\" decoding=\"async\" class=\"alignnone wp-image-6853 size-full\" src=\"https:\/\/coworkdigital.com.ar\/hcd\/wp-content\/uploads\/2020\/12\/Zocalo-1.png\" width=\"3100\" height=\"482\" srcset=\"https:\/\/coworkdigital.com.ar\/hcd\/wp-content\/uploads\/2020\/12\/Zocalo-1.png 3100w, https:\/\/coworkdigital.com.ar\/hcd\/wp-content\/uploads\/2020\/12\/Zocalo-1-300x47.png 300w, https:\/\/coworkdigital.com.ar\/hcd\/wp-content\/uploads\/2020\/12\/Zocalo-1-1024x159.png 1024w, https:\/\/coworkdigital.com.ar\/hcd\/wp-content\/uploads\/2020\/12\/Zocalo-1-768x119.png 768w, https:\/\/coworkdigital.com.ar\/hcd\/wp-content\/uploads\/2020\/12\/Zocalo-1-1536x239.png 1536w, https:\/\/coworkdigital.com.ar\/hcd\/wp-content\/uploads\/2020\/12\/Zocalo-1-2048x318.png 2048w, https:\/\/coworkdigital.com.ar\/hcd\/wp-content\/uploads\/2020\/12\/Zocalo-1-600x93.png 600w, https:\/\/coworkdigital.com.ar\/hcd\/wp-content\/uploads\/2020\/12\/Zocalo-1-560x87.png 560w\" sizes=\"(max-width: 3100px) 100vw, 3100px\" \/><\/strong><\/p>\n<p><strong><u>VISTO:<\/u><\/strong><\/p>\n<p>El Expediente N\u00ba 2018-00159-0, caratulado Bloque Ra\u00fal Alfons\u00edn, Concejales Mach\u00edn, Abate, Di C\u00e9sare, presentan proyecto de Declaraci\u00f3n referido a Declarar de Inter\u00e9s Social, Educativo y Cultural las Jornadas Departamentales de Actualizaci\u00f3n en Triquinelosis, y<\/p>\n<p>&nbsp;<\/p>\n<p><strong><u>CONSIDERANDO:<\/u><\/strong><\/p>\n<p>La importancia de declarar de inter\u00e9s social, educativo y cultural las \u201cJornadas Departamentales de Actualizaci\u00f3n en Triquinelosis\u201d, llevadas a cabo por el Departamento de Salud Animal y Zoonosis.<\/p>\n<p>Que es de gran importancia la realizaci\u00f3n de jornadas como las mencionadas en la referencia, sobre todo cuando de salud p\u00fablica se trata, ya que nos permiten a trav\u00e9s del trabajo en equipo en forma interdisciplinaria, actualizar y ampliar conocimientos e intercambiar experiencias y elaborar conclusiones que redundan en beneficio de la comunidad<\/p>\n<p>Que la raz\u00f3n de esta convocatoria es muy seria, teniendo en cuenta las siguientes variables:\u00a0\u00a0 \u00e9poca del a\u00f1o en la que nos encontramos; pr\u00e1ctica tradicional de c\u00e1rneos familiares o caseros; cr\u00eda de animales como medio de subsistencia, sin el asesoramiento adecuado.<\/p>\n<p>Que de lo dicho anteriormente la conclusi\u00f3n surge sola y consiste en la imperiosa necesidad de educar a los actores involucrados en el tema que se convoca, sobre los aspectos b\u00e1sicos del mismo para promover la concientizaci\u00f3n sobre esta enfermedad zoon\u00f3tica, destacando la importancia que tienen las acciones de prevenci\u00f3n como herramienta efectiva para evitar la aparici\u00f3n de focos.<\/p>\n<p>Que el Estado tiene la responsabilidad de velar por la calidad de vida de todos sus ciudadanos.<\/p>\n<p>&nbsp;<\/p>\n<p><strong><u>POR ELLO:<\/u><\/strong><\/p>\n<p>El Honorable Concejo Deliberante de Rivadavia, Mendoza, en uso de sus facultades:<\/p>\n<p>&nbsp;<\/p>\n<p><strong><u>DECLARA:<\/u><\/strong><\/p>\n<p><strong><u>Art\u00edculo 1\u00ba:<\/u><\/strong> Declarar de Inter\u00e9s Social, Educativo y Cultural las \u201cJornadas Departamentales de Actualizaci\u00f3n en Triquinelosis\u201d, llevadas a cabo por el Departamento de Salud Animal y Zoonosis.<\/p>\n<p><strong><u>Art\u00edculo 2\u00ba:<\/u><\/strong> Comun\u00edquese al Departamento Ejecutivo a sus efectos e ins\u00e9rtese en el Libro de Declaraciones de este Cuerpo.<\/p>\n<p>&nbsp;<\/p>\n<p>Dada en la Sala de Sesiones \u201cBandera Nacional Argentina\u201d, del Honorable Concejo Deliberante de Rivadavia, Mendoza, a los 26 d\u00edas del mes de junio de 2018.<\/p>\n<p><strong>\u00a0<\/strong><\/p>\n<p><strong>\u00a0<\/strong><\/p>\n<p><strong>\u00a0\u00a0\u00a0\u00a0\u00a0\u00a0\u00a0\u00a0\u00a0\u00a0\u00a0 Lic<\/strong>. <strong>BRUNO AMBROSINI\u00a0\u00a0\u00a0\u00a0\u00a0\u00a0\u00a0\u00a0\u00a0\u00a0\u00a0\u00a0\u00a0\u00a0\u00a0\u00a0\u00a0\u00a0\u00a0\u00a0\u00a0\u00a0\u00a0\u00a0\u00a0\u00a0\u00a0\u00a0\u00a0\u00a0\u00a0\u00a0\u00a0\u00a0\u00a0\u00a0\u00a0\u00a0\u00a0\u00a0\u00a0\u00a0\u00a0\u00a0\u00a0\u00a0\u00a0 LUCIO GUTIERREZ<\/strong><\/p>\n<p><strong>\u00a0 \u00a0 \u00a0 \u00a0 \u00a0 \u00a0 \u00a0 \u00a0 SECRETARIO H.C.D.\u00a0 \u00a0 \u00a0 \u00a0 \u00a0 \u00a0 \u00a0 \u00a0 \u00a0 \u00a0 \u00a0 \u00a0 \u00a0 \u00a0 \u00a0 \u00a0 \u00a0 \u00a0 \u00a0 \u00a0 \u00a0 \u00a0 \u00a0 \u00a0 \u00a0 \u00a0 \u00a0PRESIDENTE H.C.D.<\/strong><\/p>\n<p>&nbsp;<\/p>\n<p>&nbsp;<\/p>\n<p>Cpde. Expte. N\u00ba 2018-00159-0\u00a0 H.C.D.<\/p>\n<p><a href=\"https:\/\/coworkdigital.com.ar\/hcd\/wp-content\/uploads\/2020\/12\/decl-09-18.pdf\"><img decoding=\"async\" class=\"alignright wp-image-6224\" src=\"https:\/\/coworkdigital.com.ar\/hcd\/wp-content\/uploads\/2020\/06\/descarga_pdf-150x150.png\" width=\"50\" height=\"53\" srcset=\"https:\/\/coworkdigital.com.ar\/hcd\/wp-content\/uploads\/2020\/06\/descarga_pdf-282x300.png 282w, https:\/\/coworkdigital.com.ar\/hcd\/wp-content\/uploads\/2020\/06\/descarga_pdf.png 496w\" sizes=\"(max-width: 50px) 100vw, 50px\" \/><\/a><\/p>\n","protected":false},"excerpt":{"rendered":"<p>VISTO: El Expediente N\u00ba 2018-00159-0, caratulado Bloque Ra\u00fal Alfons\u00edn, Concejales Mach\u00edn, Abate, Di C\u00e9sare, presentan proyecto de Declaraci\u00f3n referido a Declarar de Inter\u00e9s Social, Educativo y Cultural las Jornadas Departamentales de Actualizaci\u00f3n en Triquinelosis, y &nbsp; CONSIDERANDO: La importancia de declarar de inter\u00e9s social, educativo y cultural las \u201cJornadas Departamentales de Actualizaci\u00f3n en Triquinelosis\u201d, llevadas [&hellip;]<\/p>\n","protected":false},"author":1,"featured_media":0,"comment_status":"closed","ping_status":"closed","sticky":false,"template":"","format":"standard","meta":{"_acf_changed":false,"footnotes":""},"categories":[66],"tags":[],"class_list":["post-9203","post","type-post","status-publish","format-standard","hentry","category-declaraciones"],"acf":[],"_links":{"self":[{"href":"https:\/\/coworkdigital.com.ar\/hcd\/wp-json\/wp\/v2\/posts\/9203","targetHints":{"allow":["GET"]}}],"collection":[{"href":"https:\/\/coworkdigital.com.ar\/hcd\/wp-json\/wp\/v2\/posts"}],"about":[{"href":"https:\/\/coworkdigital.com.ar\/hcd\/wp-json\/wp\/v2\/types\/post"}],"author":[{"embeddable":true,"href":"https:\/\/coworkdigital.com.ar\/hcd\/wp-json\/wp\/v2\/users\/1"}],"replies":[{"embeddable":true,"href":"https:\/\/coworkdigital.com.ar\/hcd\/wp-json\/wp\/v2\/comments?post=9203"}],"version-history":[{"count":0,"href":"https:\/\/coworkdigital.com.ar\/hcd\/wp-json\/wp\/v2\/posts\/9203\/revisions"}],"wp:attachment":[{"href":"https:\/\/coworkdigital.com.ar\/hcd\/wp-json\/wp\/v2\/media?parent=9203"}],"wp:term":[{"taxonomy":"category","embeddable":true,"href":"https:\/\/coworkdigital.com.ar\/hcd\/wp-json\/wp\/v2\/categories?post=9203"},{"taxonomy":"post_tag","embeddable":true,"href":"https:\/\/coworkdigital.com.ar\/hcd\/wp-json\/wp\/v2\/tags?post=9203"}],"curies":[{"name":"wp","href":"https:\/\/api.w.org\/{rel}","templated":true}]}}