{"id":9205,"date":"2018-12-16T18:24:37","date_gmt":"2018-12-16T18:24:37","guid":{"rendered":"http:\/\/rivadaviamendoza.gob.ar\/hcd\/?p=9205"},"modified":"2018-12-16T18:24:37","modified_gmt":"2018-12-16T18:24:37","slug":"ordenanza-1234-2020-copy-copy-6-copy-copy-copy-copy-copy-copy-copy-copy-copy-copy-copy-copy-copy-copy-copy-copy-copy-2-copy-copy-copy-copy-copy-copy-copy-copy-copy-copy-copy-copy-copy-copy-copy-co-181","status":"publish","type":"post","link":"https:\/\/coworkdigital.com.ar\/hcd\/ordenanza-1234-2020-copy-copy-6-copy-copy-copy-copy-copy-copy-copy-copy-copy-copy-copy-copy-copy-copy-copy-copy-copy-2-copy-copy-copy-copy-copy-copy-copy-copy-copy-copy-copy-copy-copy-copy-copy-co-181\/","title":{"rendered":"DECLARACI\u00d3N N\u00ba 10-18"},"content":{"rendered":"<p><strong><img fetchpriority=\"high\" decoding=\"async\" class=\"alignnone wp-image-6853 size-full\" src=\"https:\/\/coworkdigital.com.ar\/hcd\/wp-content\/uploads\/2020\/12\/Zocalo-1.png\" width=\"3100\" height=\"482\" srcset=\"https:\/\/coworkdigital.com.ar\/hcd\/wp-content\/uploads\/2020\/12\/Zocalo-1.png 3100w, https:\/\/coworkdigital.com.ar\/hcd\/wp-content\/uploads\/2020\/12\/Zocalo-1-300x47.png 300w, https:\/\/coworkdigital.com.ar\/hcd\/wp-content\/uploads\/2020\/12\/Zocalo-1-1024x159.png 1024w, https:\/\/coworkdigital.com.ar\/hcd\/wp-content\/uploads\/2020\/12\/Zocalo-1-768x119.png 768w, https:\/\/coworkdigital.com.ar\/hcd\/wp-content\/uploads\/2020\/12\/Zocalo-1-1536x239.png 1536w, https:\/\/coworkdigital.com.ar\/hcd\/wp-content\/uploads\/2020\/12\/Zocalo-1-2048x318.png 2048w, https:\/\/coworkdigital.com.ar\/hcd\/wp-content\/uploads\/2020\/12\/Zocalo-1-600x93.png 600w, https:\/\/coworkdigital.com.ar\/hcd\/wp-content\/uploads\/2020\/12\/Zocalo-1-560x87.png 560w\" sizes=\"(max-width: 3100px) 100vw, 3100px\" \/><\/strong><\/p>\n<p><strong><u>VISTO:<\/u><\/strong><\/p>\n<p>El Expediente N\u00ba 2018-00151-7, caratulado Bloque Ra\u00fal Alfons\u00edn, Concejales Mach\u00edn, Abate, Di C\u00e9sare, presentan proyecto de Declaraci\u00f3n: Ganadores del Premio \u201cIntervenci\u00f3n art\u00edstica de mi Escuela para la Semana de Mayo\u201d, y<\/p>\n<p>&nbsp;<\/p>\n<p><strong><u>CONSIDERANDO:<\/u><\/strong><\/p>\n<p>La necesidad de reconocer a la Escuela N\u00ba 1-179 \u201cBautista Gargantini\u201d de Rivadavia, Ganadores del Tercer Premio\u00a0($10.000) \u201cIntervenci\u00f3n art\u00edstica de mi Escuela para la Semana de Mayo\u201d<\/p>\n<p>Que participaron 100 escuelas de distintos \u00e1mbitos, escuelas rurales, urbanas, de sectores vulnerables, y que la actividad consist\u00eda en intervenir art\u00edsticamente la escuela durante la semana de mayo.<\/p>\n<p>Que, el jurado estuvo conformado por un equipo interdisciplinario donde participan artistas, periodistas, docentes, supervisores, legisladores y referentes de educaci\u00f3n de la Provincia y donde fueron invitados tambi\u00e9n el Director General de Escuelas, Jaime Correas, y el Subsecretario de Educaci\u00f3n Gustavo Capone.<\/p>\n<p>Que los criterios para los premios fueron en primer lugar la participaci\u00f3n estudiantil, la creatividad, la innovaci\u00f3n en las t\u00e9cnicas, que las producciones fueran metaf\u00f3ricas, simb\u00f3licas, la utilizaci\u00f3n del espacio, la re significaci\u00f3n de los acontecimientos de mayo sobre una mirada actual, que el trabajo sea interdisciplinar y\u00a0 transversal y la apertura a la comunidad.<\/p>\n<p>Que la comunidad escolar con recursos propios y colaboraci\u00f3n de los padres y vecinos trabajaron con mucha dedicaci\u00f3n y empe\u00f1o para lograr cumplir con todos los requisitos de concurso.<\/p>\n<p>Que son fundamentales estas actividades para unir a la comunidad en una causa com\u00fan.<\/p>\n<p>Que actividades de este tipo estimulan a los chicos para crear, pensar, trabajar en equipo, conocer y valorar nuestra historia.<\/p>\n<p>Que han representado al departamento de Rivadavia de manera impecable destac\u00e1ndose a nivel provincial.<\/p>\n<p>&nbsp;<\/p>\n<p><strong><u>POR ELLO:<\/u><\/strong><\/p>\n<p>El Honorable Concejo Deliberante de Rivadavia, Mendoza, en uso de sus facultades:<\/p>\n<p>&nbsp;<\/p>\n<p><strong><u>DECLARA:<\/u><\/strong><\/p>\n<p><strong><u>Art\u00edculo 1\u00ba:<\/u><\/strong> Reconocer a las autoridades, alumnos y personal del Establecimiento Escolar N\u00ba 1-179 \u201cBautista Gargantini\u201d de Rivadavia, Ganadores del Tercer Premio Provincial\u00a0($10.000) \u201cIntervenci\u00f3n art\u00edstica de mi Escuela para la Semana de Mayo\u201d<\/p>\n<p><strong><u>Art\u00edculo 2\u00ba:<\/u><\/strong> Invitar a la comunidad educativa mencionada a una Sesi\u00f3n Especial con el fin de realizar dicho reconocimiento<\/p>\n<p><strong><u>Art\u00edculo 3\u00ba:<\/u><\/strong> Remitir copia de presente pieza administrativa a las Autoridades de la Direcci\u00f3n General de Escuelas y a sus\u00a0 respectivas Supervisiones.<\/p>\n<p><strong><u>Art\u00edculo 4\u00ba:<\/u><\/strong> Comun\u00edquese al Departamento Ejecutivo a sus efectos e ins\u00e9rtese en el Libro de Declaraciones de este Cuerpo.<\/p>\n<p>&nbsp;<\/p>\n<p>Dada en la Sala de Sesiones, \u201cBandera Nacional Argentina\u201d, del Honorable Concejo Deliberante de Rivadavia, Mendoza, a los 03 d\u00edas del mes de julio de 2018.<\/p>\n<p>&nbsp;<\/p>\n<p>&nbsp;<\/p>\n<p><strong>\u00a0 \u00a0 \u00a0 \u00a0 \u00a0 \u00a0 Lic.<\/strong> <strong>BRUNO AMBROSINI\u00a0 \u00a0 \u00a0 \u00a0 \u00a0 \u00a0 \u00a0 \u00a0 \u00a0 \u00a0 \u00a0 \u00a0 \u00a0 \u00a0 \u00a0 \u00a0 \u00a0 \u00a0 \u00a0 \u00a0 \u00a0 \u00a0 \u00a0 \u00a0LUCIO GUTIERREZ<\/strong><\/p>\n<p><strong>\u00a0\u00a0\u00a0\u00a0\u00a0\u00a0\u00a0\u00a0\u00a0\u00a0\u00a0 \u00a0\u00a0\u00a0 SECRETARIO H.C.D.\u00a0 \u00a0 \u00a0 \u00a0 \u00a0 \u00a0 \u00a0 \u00a0 \u00a0 \u00a0 \u00a0 \u00a0 \u00a0 \u00a0 \u00a0 \u00a0 \u00a0 \u00a0 \u00a0 \u00a0 \u00a0 \u00a0 \u00a0 \u00a0 \u00a0 \u00a0 PRESIDENTE H.C.D.<\/strong><\/p>\n<p>&nbsp;<\/p>\n<p>&nbsp;<\/p>\n<p>Cpde. Expte. N\u00ba 2018-00151-7\u00a0 H.C.D.<\/p>\n<p><a href=\"https:\/\/coworkdigital.com.ar\/hcd\/wp-content\/uploads\/2020\/12\/decl-10-18.pdf\"><img decoding=\"async\" class=\"alignright wp-image-6224\" src=\"https:\/\/coworkdigital.com.ar\/hcd\/wp-content\/uploads\/2020\/06\/descarga_pdf-150x150.png\" width=\"50\" height=\"53\" srcset=\"https:\/\/coworkdigital.com.ar\/hcd\/wp-content\/uploads\/2020\/06\/descarga_pdf-282x300.png 282w, https:\/\/coworkdigital.com.ar\/hcd\/wp-content\/uploads\/2020\/06\/descarga_pdf.png 496w\" sizes=\"(max-width: 50px) 100vw, 50px\" \/><\/a><\/p>\n","protected":false},"excerpt":{"rendered":"<p>VISTO: El Expediente N\u00ba 2018-00151-7, caratulado Bloque Ra\u00fal Alfons\u00edn, Concejales Mach\u00edn, Abate, Di C\u00e9sare, presentan proyecto de Declaraci\u00f3n: Ganadores del Premio \u201cIntervenci\u00f3n art\u00edstica de mi Escuela para la Semana de Mayo\u201d, y &nbsp; CONSIDERANDO: La necesidad de reconocer a la Escuela N\u00ba 1-179 \u201cBautista Gargantini\u201d de Rivadavia, Ganadores del Tercer Premio\u00a0($10.000) \u201cIntervenci\u00f3n art\u00edstica de mi [&hellip;]<\/p>\n","protected":false},"author":1,"featured_media":0,"comment_status":"closed","ping_status":"closed","sticky":false,"template":"","format":"standard","meta":{"_acf_changed":false,"footnotes":""},"categories":[66],"tags":[],"class_list":["post-9205","post","type-post","status-publish","format-standard","hentry","category-declaraciones"],"acf":[],"_links":{"self":[{"href":"https:\/\/coworkdigital.com.ar\/hcd\/wp-json\/wp\/v2\/posts\/9205","targetHints":{"allow":["GET"]}}],"collection":[{"href":"https:\/\/coworkdigital.com.ar\/hcd\/wp-json\/wp\/v2\/posts"}],"about":[{"href":"https:\/\/coworkdigital.com.ar\/hcd\/wp-json\/wp\/v2\/types\/post"}],"author":[{"embeddable":true,"href":"https:\/\/coworkdigital.com.ar\/hcd\/wp-json\/wp\/v2\/users\/1"}],"replies":[{"embeddable":true,"href":"https:\/\/coworkdigital.com.ar\/hcd\/wp-json\/wp\/v2\/comments?post=9205"}],"version-history":[{"count":0,"href":"https:\/\/coworkdigital.com.ar\/hcd\/wp-json\/wp\/v2\/posts\/9205\/revisions"}],"wp:attachment":[{"href":"https:\/\/coworkdigital.com.ar\/hcd\/wp-json\/wp\/v2\/media?parent=9205"}],"wp:term":[{"taxonomy":"category","embeddable":true,"href":"https:\/\/coworkdigital.com.ar\/hcd\/wp-json\/wp\/v2\/categories?post=9205"},{"taxonomy":"post_tag","embeddable":true,"href":"https:\/\/coworkdigital.com.ar\/hcd\/wp-json\/wp\/v2\/tags?post=9205"}],"curies":[{"name":"wp","href":"https:\/\/api.w.org\/{rel}","templated":true}]}}