{"id":9228,"date":"2018-12-16T18:40:19","date_gmt":"2018-12-16T18:40:19","guid":{"rendered":"http:\/\/rivadaviamendoza.gob.ar\/hcd\/?p=9228"},"modified":"2018-12-16T18:40:19","modified_gmt":"2018-12-16T18:40:19","slug":"ordenanza-1234-2020-copy-copy-6-copy-copy-copy-copy-copy-copy-copy-copy-copy-copy-copy-copy-copy-copy-copy-copy-copy-2-copy-copy-copy-copy-copy-copy-copy-copy-copy-copy-copy-copy-copy-copy-copy-co-184","status":"publish","type":"post","link":"https:\/\/coworkdigital.com.ar\/hcd\/ordenanza-1234-2020-copy-copy-6-copy-copy-copy-copy-copy-copy-copy-copy-copy-copy-copy-copy-copy-copy-copy-copy-copy-2-copy-copy-copy-copy-copy-copy-copy-copy-copy-copy-copy-copy-copy-copy-copy-co-184\/","title":{"rendered":"DECLARACI\u00d3N N\u00ba 13-18"},"content":{"rendered":"<p><strong><img fetchpriority=\"high\" decoding=\"async\" class=\"alignnone wp-image-6853 size-full\" src=\"https:\/\/coworkdigital.com.ar\/hcd\/wp-content\/uploads\/2020\/12\/Zocalo-1.png\" width=\"3100\" height=\"482\" srcset=\"https:\/\/coworkdigital.com.ar\/hcd\/wp-content\/uploads\/2020\/12\/Zocalo-1.png 3100w, https:\/\/coworkdigital.com.ar\/hcd\/wp-content\/uploads\/2020\/12\/Zocalo-1-300x47.png 300w, https:\/\/coworkdigital.com.ar\/hcd\/wp-content\/uploads\/2020\/12\/Zocalo-1-1024x159.png 1024w, https:\/\/coworkdigital.com.ar\/hcd\/wp-content\/uploads\/2020\/12\/Zocalo-1-768x119.png 768w, https:\/\/coworkdigital.com.ar\/hcd\/wp-content\/uploads\/2020\/12\/Zocalo-1-1536x239.png 1536w, https:\/\/coworkdigital.com.ar\/hcd\/wp-content\/uploads\/2020\/12\/Zocalo-1-2048x318.png 2048w, https:\/\/coworkdigital.com.ar\/hcd\/wp-content\/uploads\/2020\/12\/Zocalo-1-600x93.png 600w, https:\/\/coworkdigital.com.ar\/hcd\/wp-content\/uploads\/2020\/12\/Zocalo-1-560x87.png 560w\" sizes=\"(max-width: 3100px) 100vw, 3100px\" \/><\/strong><\/p>\n<p><strong><u>VISTO:<\/u><\/strong><\/p>\n<p>El Expediente N\u00ba 2018-00135-0, caratulado Bloque UCR, Concejal Mar\u00eda Jos\u00e9 Gil, presenta proyecto de Declaraci\u00f3n: la quita de subsidio del Fondo Compensador a los Municipio por el alumbrado p\u00fablico, y<\/p>\n<p>&nbsp;<\/p>\n<p><strong><u>CONSIDERANDO:<\/u><\/strong><\/p>\n<p>Que de conformidad con lo dispuesto en los Art\u00edculos 5\u00ba y 123\u00ba de la Constituci\u00f3n Nacional, debe respetarse la autonom\u00eda municipal y, siendo el alumbrado p\u00fablico un servicio municipal (Art. 200\u00ba, inciso 3 de la Constituci\u00f3n Provincial), corresponde dictar normas que aseguren su continuidad en condiciones an\u00e1logas a las vigentes en la actualidad, sin perjuicios de permitir convenir con el distribuidor un r\u00e9gimen distinto.<\/p>\n<p>Que en el a\u00f1o 1992, se estableci\u00f3 un sistema que contemplaba la necesaria y solidaria compensaci\u00f3n de los desequilibrios de costos que producen la dispersi\u00f3n de la poblaci\u00f3n en los diferentes municipios en el marco del Fondo Compensador de Tarifas.<\/p>\n<p>Que este sistema se instrument\u00f3 mediante un convenio de car\u00e1cter transitorio entre los Municipios y Energ\u00eda Mendoza Sociedad de Estados (EMSE), luego fue asumido por las concesionarias de acuerdo a la Ley N\u00ba 6.497 y sus Decretos reglamentarios, por el cual las mismas, cobran la tasa denominada Cargo por Alumbrado P\u00fablico (CAP) por cuenta y orden del Municipio, destinan 18 % de la misma para pagar el mantenimiento, deducen el costo de la energ\u00eda el\u00e9ctrica con impuestos del sistema de alumbrado p\u00fablico de cada Municipio y el resultado arroja un super\u00e1vit que administra el Fondo Provincial Compensador de Tarifas (FPCT).<\/p>\n<p>Que el proyecto de Ley del Presupuesto Provincial para el a\u00f1o 2018 en su Art\u00edculo 23\u00ba deroga este sistema solidario y propone que los municipios ser\u00e1n quienes determinen el cargo por \u201cServicio de Alumbrado P\u00fablico\u201d aplicable en sus respectivas jurisdicciones y, para el caso de no ser determinadas por el municipio.<\/p>\n<p>Que aplicar subsidios tarifarios es una decisi\u00f3n del Gobierno Provincial en beneficio de los usuarios del servicio p\u00fablico de electricidad, tal como lo establece el Marco Regulatorio Provincial.<\/p>\n<p>Que ante lo expuesto anteriormente, el Departamento ante esta medida ser\u00e1 perjudicado.<\/p>\n<p>&nbsp;<\/p>\n<p><strong><u>POR ELLO:<\/u><\/strong><\/p>\n<p>El Honorable Concejo Deliberante de Rivadavia, Mendoza, en uso de sus facultades:<\/p>\n<p>&nbsp;<\/p>\n<p><strong><u>DECLARA:<\/u><\/strong><\/p>\n<p><strong><u>Art\u00edculo 1\u00ba:<\/u><\/strong> Solicitar al Departamento Ejecutivo Municipal de Rivadavia que interceda ante el Se\u00f1or Gobernador de la Provincia de Mendoza para requerir la continuidad del fondo compensador de energ\u00eda el\u00e9ctrica destinado al pago del alumbrado p\u00fablico, siendo esto un beneficio para los vecinos del Departamento Rivadavia.<\/p>\n<p><strong><u>Art\u00edculo 2\u00ba:<\/u><\/strong> Notificar a los Departamentos de la Provincia de Mendoza a adherir a la presente.<\/p>\n<p><strong><u>Art\u00edculo 3\u00ba:<\/u><\/strong> Comun\u00edquese al Departamento Ejecutivo a sus efectos e ins\u00e9rtese en el Libro de Declaraciones de este Cuerpo.<\/p>\n<p>&nbsp;<\/p>\n<p>Dada en la Sala de Sesiones, \u201cBandera Nacional Argentina\u201d, del Honorable Concejo Deliberante de Rivadavia, Mendoza, a los 21 d\u00edas del mes de agosto de 2018.<\/p>\n<p>&nbsp;<\/p>\n<p>&nbsp;<\/p>\n<p><strong>\u00a0 \u00a0 \u00a0 \u00a0 \u00a0 Lic. BRUNO AMBROSINI\u00a0\u00a0\u00a0\u00a0\u00a0\u00a0\u00a0\u00a0\u00a0\u00a0\u00a0\u00a0\u00a0\u00a0\u00a0\u00a0\u00a0\u00a0\u00a0\u00a0\u00a0\u00a0\u00a0\u00a0\u00a0\u00a0\u00a0\u00a0\u00a0\u00a0\u00a0\u00a0\u00a0\u00a0\u00a0\u00a0\u00a0\u00a0\u00a0\u00a0\u00a0\u00a0\u00a0\u00a0\u00a0\u00a0\u00a0 LUCIO GUTIERREZ<\/strong><\/p>\n<p><strong>\u00a0\u00a0\u00a0\u00a0\u00a0\u00a0\u00a0\u00a0\u00a0\u00a0\u00a0 \u00a0\u00a0 SECRETARIO H.C.D.\u00a0\u00a0\u00a0\u00a0\u00a0\u00a0\u00a0\u00a0\u00a0\u00a0\u00a0\u00a0\u00a0\u00a0\u00a0\u00a0\u00a0\u00a0\u00a0\u00a0\u00a0\u00a0\u00a0\u00a0\u00a0\u00a0\u00a0\u00a0\u00a0\u00a0\u00a0\u00a0\u00a0\u00a0\u00a0\u00a0\u00a0\u00a0\u00a0\u00a0\u00a0\u00a0\u00a0\u00a0\u00a0\u00a0\u00a0\u00a0\u00a0\u00a0\u00a0 PRESIDENTE H.C.D.<\/strong><\/p>\n<p>&nbsp;<\/p>\n<p>&nbsp;<\/p>\n<p>Cpde. Expte. N\u00ba 2018-00135-0\u00a0 H.C.D.<\/p>\n<p><a href=\"https:\/\/coworkdigital.com.ar\/hcd\/wp-content\/uploads\/2020\/12\/decl-13-18.pdf\"><img decoding=\"async\" class=\"alignright wp-image-6224\" src=\"https:\/\/coworkdigital.com.ar\/hcd\/wp-content\/uploads\/2020\/06\/descarga_pdf-150x150.png\" width=\"50\" height=\"53\" srcset=\"https:\/\/coworkdigital.com.ar\/hcd\/wp-content\/uploads\/2020\/06\/descarga_pdf-282x300.png 282w, https:\/\/coworkdigital.com.ar\/hcd\/wp-content\/uploads\/2020\/06\/descarga_pdf.png 496w\" sizes=\"(max-width: 50px) 100vw, 50px\" \/><\/a><\/p>\n","protected":false},"excerpt":{"rendered":"<p>VISTO: El Expediente N\u00ba 2018-00135-0, caratulado Bloque UCR, Concejal Mar\u00eda Jos\u00e9 Gil, presenta proyecto de Declaraci\u00f3n: la quita de subsidio del Fondo Compensador a los Municipio por el alumbrado p\u00fablico, y &nbsp; CONSIDERANDO: Que de conformidad con lo dispuesto en los Art\u00edculos 5\u00ba y 123\u00ba de la Constituci\u00f3n Nacional, debe respetarse la autonom\u00eda municipal y, [&hellip;]<\/p>\n","protected":false},"author":1,"featured_media":0,"comment_status":"closed","ping_status":"closed","sticky":false,"template":"","format":"standard","meta":{"_acf_changed":false,"footnotes":""},"categories":[66],"tags":[],"class_list":["post-9228","post","type-post","status-publish","format-standard","hentry","category-declaraciones"],"acf":[],"_links":{"self":[{"href":"https:\/\/coworkdigital.com.ar\/hcd\/wp-json\/wp\/v2\/posts\/9228","targetHints":{"allow":["GET"]}}],"collection":[{"href":"https:\/\/coworkdigital.com.ar\/hcd\/wp-json\/wp\/v2\/posts"}],"about":[{"href":"https:\/\/coworkdigital.com.ar\/hcd\/wp-json\/wp\/v2\/types\/post"}],"author":[{"embeddable":true,"href":"https:\/\/coworkdigital.com.ar\/hcd\/wp-json\/wp\/v2\/users\/1"}],"replies":[{"embeddable":true,"href":"https:\/\/coworkdigital.com.ar\/hcd\/wp-json\/wp\/v2\/comments?post=9228"}],"version-history":[{"count":0,"href":"https:\/\/coworkdigital.com.ar\/hcd\/wp-json\/wp\/v2\/posts\/9228\/revisions"}],"wp:attachment":[{"href":"https:\/\/coworkdigital.com.ar\/hcd\/wp-json\/wp\/v2\/media?parent=9228"}],"wp:term":[{"taxonomy":"category","embeddable":true,"href":"https:\/\/coworkdigital.com.ar\/hcd\/wp-json\/wp\/v2\/categories?post=9228"},{"taxonomy":"post_tag","embeddable":true,"href":"https:\/\/coworkdigital.com.ar\/hcd\/wp-json\/wp\/v2\/tags?post=9228"}],"curies":[{"name":"wp","href":"https:\/\/api.w.org\/{rel}","templated":true}]}}