{"id":9234,"date":"2018-12-16T18:43:29","date_gmt":"2018-12-16T18:43:29","guid":{"rendered":"http:\/\/rivadaviamendoza.gob.ar\/hcd\/?p=9234"},"modified":"2018-12-16T18:43:29","modified_gmt":"2018-12-16T18:43:29","slug":"ordenanza-1234-2020-copy-copy-6-copy-copy-copy-copy-copy-copy-copy-copy-copy-copy-copy-copy-copy-copy-copy-copy-copy-2-copy-copy-copy-copy-copy-copy-copy-copy-copy-copy-copy-copy-copy-copy-copy-co-186","status":"publish","type":"post","link":"https:\/\/coworkdigital.com.ar\/hcd\/ordenanza-1234-2020-copy-copy-6-copy-copy-copy-copy-copy-copy-copy-copy-copy-copy-copy-copy-copy-copy-copy-copy-copy-2-copy-copy-copy-copy-copy-copy-copy-copy-copy-copy-copy-copy-copy-copy-copy-co-186\/","title":{"rendered":"DECLARACI\u00d3N N\u00ba 15-18"},"content":{"rendered":"<p><strong><img fetchpriority=\"high\" decoding=\"async\" class=\"alignnone wp-image-6853 size-full\" src=\"https:\/\/coworkdigital.com.ar\/hcd\/wp-content\/uploads\/2020\/12\/Zocalo-1.png\" width=\"3100\" height=\"482\" srcset=\"https:\/\/coworkdigital.com.ar\/hcd\/wp-content\/uploads\/2020\/12\/Zocalo-1.png 3100w, https:\/\/coworkdigital.com.ar\/hcd\/wp-content\/uploads\/2020\/12\/Zocalo-1-300x47.png 300w, https:\/\/coworkdigital.com.ar\/hcd\/wp-content\/uploads\/2020\/12\/Zocalo-1-1024x159.png 1024w, https:\/\/coworkdigital.com.ar\/hcd\/wp-content\/uploads\/2020\/12\/Zocalo-1-768x119.png 768w, https:\/\/coworkdigital.com.ar\/hcd\/wp-content\/uploads\/2020\/12\/Zocalo-1-1536x239.png 1536w, https:\/\/coworkdigital.com.ar\/hcd\/wp-content\/uploads\/2020\/12\/Zocalo-1-2048x318.png 2048w, https:\/\/coworkdigital.com.ar\/hcd\/wp-content\/uploads\/2020\/12\/Zocalo-1-600x93.png 600w, https:\/\/coworkdigital.com.ar\/hcd\/wp-content\/uploads\/2020\/12\/Zocalo-1-560x87.png 560w\" sizes=\"(max-width: 3100px) 100vw, 3100px\" \/><\/strong><\/p>\n<p><strong><u>VISTO:<\/u><\/strong><\/p>\n<p>El Expediente N\u00ba 2018-00226-7, caratulado Bloque UCR, Concejales, Beatriz S\u00e1nchez\u00a0 y Mar\u00eda Jos\u00e9 Gil, presentan proyecto de Declaraci\u00f3n: Declarar de Inter\u00e9s Departamental la imposici\u00f3n del nombre \u201cLuis Alberto Albornoz\u201d al CENS N\u00ba 3-505 de Medrano, y<\/p>\n<p>&nbsp;<\/p>\n<p><strong><u>CONSIDERANDO:<\/u><\/strong><\/p>\n<p>Que el pr\u00f3ximo 31 del corriente se llevar\u00e1 a cabo el acto de imposici\u00f3n del nombre \u201cLUIS ALBERTO ALBORNOZ\u201d al CENS N\u00ba 3-505, ubicado en el distrito Medrano.<\/p>\n<p>Que la comunidad educativa de ese Centro de Estudios Secundarios nacido en la d\u00e9cada pasada, carec\u00eda de nombre por tanto se puso en marcha el proyecto: \u201cPONGAMOSLE NOMBRE A NUESTRO CENS\u201d. De los tres proyectos que se presentaron, result\u00f3 ganadora la propuesta con el nombre \u201cLUIS ALBERTO ALBORNOZ\u201d, quien fue durante unos a\u00f1os el agente Municipal que trabaj\u00f3 como celador en ese Establecimiento Escolar.<\/p>\n<p>El se\u00f1or Albornoz ingres\u00f3 a la Municipalidad de Rivadavia el 22 de febrero de 1988, pas\u00f3 a planta de personal permanente en el a\u00f1o 1995 y cumpli\u00f3 su tarea como capataz en el distrito Medrano.<\/p>\n<p>El 01 de abril del a\u00f1o 2009 accedi\u00f3 a su jubilaci\u00f3n, falleciendo el d\u00eda 20 de noviembre del a\u00f1o 2014.<\/p>\n<p>Este H.C.D. acompa\u00f1a la propuesta realizada por la comunidad de Medrano y manifiesta mediante este Acto el merecido homenaje y reconocimiento institucional al se\u00f1or \u201cLuis Alberto Albornoz\u201d.<\/p>\n<p>&nbsp;<\/p>\n<p><strong><u>POR ELLO:<\/u><\/strong><\/p>\n<p>El Honorable Concejo Deliberante de Rivadavia, Mendoza, en uso de sus facultades:<\/p>\n<p>&nbsp;<\/p>\n<p><strong><u>DECLARA:<\/u><\/strong><\/p>\n<p><strong><u>Art\u00edculo 1\u00ba:<\/u><\/strong> El Honorable Concejo de Deliberante de Rivadavia declara de Inter\u00e9s Departamental la ceremonia de imposici\u00f3n del nombre \u201cLUIS ALBERTO ALBORNOZ\u201d al CENS N\u00ba 3-505 de Medrano.<\/p>\n<p><strong><u>Art\u00edculo 2\u00ba:<\/u><\/strong> Remitir copia de esta pieza administrativa y un reconocimiento institucional a la comunidad educativa de dicha Instituci\u00f3n.<\/p>\n<p><strong><u>Art\u00edculo 3\u00ba:<\/u><\/strong> Comun\u00edquese al Departamento Ejecutivo a sus efectos e ins\u00e9rtese en el Libro de Declaraciones de este Cuerpo.<\/p>\n<p>&nbsp;<\/p>\n<p>Dada en la Sala de Sesiones, \u201cBandera Nacional Argentina\u201d, del Honorable Concejo Deliberante de Rivadavia, Mendoza, a los 28 d\u00edas del mes de agosto de 2018.<\/p>\n<p>&nbsp;<\/p>\n<p>&nbsp;<\/p>\n<p><strong>\u00a0 \u00a0 \u00a0 \u00a0 \u00a0 \u00a0 Lic.<\/strong> <strong>BRUNO AMBROSINI\u00a0 \u00a0 \u00a0 \u00a0 \u00a0 \u00a0 \u00a0 \u00a0 \u00a0 \u00a0 \u00a0 \u00a0 \u00a0 \u00a0 \u00a0 \u00a0 \u00a0 \u00a0 \u00a0 \u00a0 \u00a0 \u00a0 \u00a0 \u00a0LUCIO GUTIERREZ<\/strong><\/p>\n<p><strong>\u00a0\u00a0\u00a0\u00a0\u00a0\u00a0\u00a0\u00a0\u00a0\u00a0\u00a0 \u00a0\u00a0 SECRETARIO H.C.D.\u00a0\u00a0\u00a0\u00a0\u00a0\u00a0\u00a0\u00a0\u00a0\u00a0\u00a0\u00a0\u00a0\u00a0\u00a0\u00a0\u00a0\u00a0\u00a0\u00a0\u00a0\u00a0\u00a0\u00a0\u00a0\u00a0\u00a0\u00a0\u00a0\u00a0\u00a0\u00a0\u00a0\u00a0\u00a0\u00a0\u00a0\u00a0\u00a0\u00a0\u00a0\u00a0\u00a0\u00a0\u00a0\u00a0\u00a0\u00a0\u00a0\u00a0\u00a0 PRESIDENTE H.C.D.<\/strong><\/p>\n<p>&nbsp;<\/p>\n<p>&nbsp;<\/p>\n<p>Cpde. Expte. N\u00ba 2018-00226-7\u00a0 H.C.D.<\/p>\n<p><a href=\"https:\/\/coworkdigital.com.ar\/hcd\/wp-content\/uploads\/2020\/12\/decl-15-18.pdf\"><img decoding=\"async\" class=\"alignright wp-image-6224\" src=\"https:\/\/coworkdigital.com.ar\/hcd\/wp-content\/uploads\/2020\/06\/descarga_pdf-150x150.png\" width=\"50\" height=\"53\" srcset=\"https:\/\/coworkdigital.com.ar\/hcd\/wp-content\/uploads\/2020\/06\/descarga_pdf-282x300.png 282w, https:\/\/coworkdigital.com.ar\/hcd\/wp-content\/uploads\/2020\/06\/descarga_pdf.png 496w\" sizes=\"(max-width: 50px) 100vw, 50px\" \/><\/a><\/p>\n","protected":false},"excerpt":{"rendered":"<p>VISTO: El Expediente N\u00ba 2018-00226-7, caratulado Bloque UCR, Concejales, Beatriz S\u00e1nchez\u00a0 y Mar\u00eda Jos\u00e9 Gil, presentan proyecto de Declaraci\u00f3n: Declarar de Inter\u00e9s Departamental la imposici\u00f3n del nombre \u201cLuis Alberto Albornoz\u201d al CENS N\u00ba 3-505 de Medrano, y &nbsp; CONSIDERANDO: Que el pr\u00f3ximo 31 del corriente se llevar\u00e1 a cabo el acto de imposici\u00f3n del nombre [&hellip;]<\/p>\n","protected":false},"author":1,"featured_media":0,"comment_status":"closed","ping_status":"closed","sticky":false,"template":"","format":"standard","meta":{"_acf_changed":false,"footnotes":""},"categories":[66],"tags":[],"class_list":["post-9234","post","type-post","status-publish","format-standard","hentry","category-declaraciones"],"acf":[],"_links":{"self":[{"href":"https:\/\/coworkdigital.com.ar\/hcd\/wp-json\/wp\/v2\/posts\/9234","targetHints":{"allow":["GET"]}}],"collection":[{"href":"https:\/\/coworkdigital.com.ar\/hcd\/wp-json\/wp\/v2\/posts"}],"about":[{"href":"https:\/\/coworkdigital.com.ar\/hcd\/wp-json\/wp\/v2\/types\/post"}],"author":[{"embeddable":true,"href":"https:\/\/coworkdigital.com.ar\/hcd\/wp-json\/wp\/v2\/users\/1"}],"replies":[{"embeddable":true,"href":"https:\/\/coworkdigital.com.ar\/hcd\/wp-json\/wp\/v2\/comments?post=9234"}],"version-history":[{"count":0,"href":"https:\/\/coworkdigital.com.ar\/hcd\/wp-json\/wp\/v2\/posts\/9234\/revisions"}],"wp:attachment":[{"href":"https:\/\/coworkdigital.com.ar\/hcd\/wp-json\/wp\/v2\/media?parent=9234"}],"wp:term":[{"taxonomy":"category","embeddable":true,"href":"https:\/\/coworkdigital.com.ar\/hcd\/wp-json\/wp\/v2\/categories?post=9234"},{"taxonomy":"post_tag","embeddable":true,"href":"https:\/\/coworkdigital.com.ar\/hcd\/wp-json\/wp\/v2\/tags?post=9234"}],"curies":[{"name":"wp","href":"https:\/\/api.w.org\/{rel}","templated":true}]}}