{"id":9237,"date":"2018-12-16T18:45:31","date_gmt":"2018-12-16T18:45:31","guid":{"rendered":"http:\/\/rivadaviamendoza.gob.ar\/hcd\/?p=9237"},"modified":"2018-12-16T18:45:31","modified_gmt":"2018-12-16T18:45:31","slug":"ordenanza-1234-2020-copy-copy-6-copy-copy-copy-copy-copy-copy-copy-copy-copy-copy-copy-copy-copy-copy-copy-copy-copy-2-copy-copy-copy-copy-copy-copy-copy-copy-copy-copy-copy-copy-copy-copy-copy-co-187","status":"publish","type":"post","link":"https:\/\/coworkdigital.com.ar\/hcd\/ordenanza-1234-2020-copy-copy-6-copy-copy-copy-copy-copy-copy-copy-copy-copy-copy-copy-copy-copy-copy-copy-copy-copy-2-copy-copy-copy-copy-copy-copy-copy-copy-copy-copy-copy-copy-copy-copy-copy-co-187\/","title":{"rendered":"DECLARACI\u00d3N N\u00ba 16-18"},"content":{"rendered":"<p><strong><img fetchpriority=\"high\" decoding=\"async\" class=\"alignnone wp-image-6853 size-full\" src=\"https:\/\/coworkdigital.com.ar\/hcd\/wp-content\/uploads\/2020\/12\/Zocalo-1.png\" width=\"3100\" height=\"482\" srcset=\"https:\/\/coworkdigital.com.ar\/hcd\/wp-content\/uploads\/2020\/12\/Zocalo-1.png 3100w, https:\/\/coworkdigital.com.ar\/hcd\/wp-content\/uploads\/2020\/12\/Zocalo-1-300x47.png 300w, https:\/\/coworkdigital.com.ar\/hcd\/wp-content\/uploads\/2020\/12\/Zocalo-1-1024x159.png 1024w, https:\/\/coworkdigital.com.ar\/hcd\/wp-content\/uploads\/2020\/12\/Zocalo-1-768x119.png 768w, https:\/\/coworkdigital.com.ar\/hcd\/wp-content\/uploads\/2020\/12\/Zocalo-1-1536x239.png 1536w, https:\/\/coworkdigital.com.ar\/hcd\/wp-content\/uploads\/2020\/12\/Zocalo-1-2048x318.png 2048w, https:\/\/coworkdigital.com.ar\/hcd\/wp-content\/uploads\/2020\/12\/Zocalo-1-600x93.png 600w, https:\/\/coworkdigital.com.ar\/hcd\/wp-content\/uploads\/2020\/12\/Zocalo-1-560x87.png 560w\" sizes=\"(max-width: 3100px) 100vw, 3100px\" \/><\/strong><\/p>\n<p><strong><u>VISTO:<\/u><\/strong><\/p>\n<p>El Expediente N\u00ba 2018-00205-1, caratulado Ediles del H.C.D de Rivadavia, presentan proyecto de Declaraci\u00f3n, referido a declarar de inter\u00e9s socioeducativo \u201cLa Ciudad Vial M\u00f3vil\u201d, y<\/p>\n<p>&nbsp;<\/p>\n<p><strong><u>CONSIDERANDO:<\/u><\/strong><\/p>\n<p>La necesidad de ense\u00f1ar a alumnos de Nivel Inicial y Primer Ciclo de Educaci\u00f3n primaria y alumnos con capacidades diferentes a actuar como usuarios de las v\u00edas de transporte, como peatones y tambi\u00e9n como conductores;<\/p>\n<p>Que las instituciones educativas deben tener como prop\u00f3sito el desarrollo del conocimiento, habilidades y destrezas que permitan a ni\u00f1os y ni\u00f1as ejercer su derecho a la movilidad libre y segura.<\/p>\n<p>Que es importante conocer y respetar las normas de tr\u00e1nsito y los derechos al espacio p\u00fablico de los dem\u00e1s.<\/p>\n<p>Que el presente proyecto se complementar\u00e1 con los proyectos pedag\u00f3gicos y curriculares de las instituciones, d\u00e1ndoles la posibilidad de tener una experiencia directa, despertando una conciencia cr\u00edtica frente a las consecuencias en lo econ\u00f3mico, cultural, social, familiar y de actitudes que ponen en riesgo la vida y la movilidad segura.<\/p>\n<p>Que es beneficioso para los ni\u00f1os de esta edad que puedan aprender mediante lo vivido y experimenten esta propuesta complement\u00e1ndose con los conceptos trabajados en el aula.<\/p>\n<p>Que con la actividad propuesta se trabajan valores como el respeto a la vida, el derecho a una movilidad segura, el espacio p\u00fablico como un espacio socializador, la seguridad vial como un bien com\u00fan y el valor vital de las normas de tr\u00e1nsito.<\/p>\n<p>Que la actividad a desarrollar ser\u00e1 acordada con la empresa de colectivos Dicetours mediante una reuni\u00f3n donde se explicar\u00e1 en qu\u00e9 consiste el proyecto; se trabajar\u00e1 previamente con los docentes el abordaje te\u00f3rico de Educaci\u00f3n Vial; se determinar\u00e1 el d\u00eda y horario en que se llevar\u00e1 a la pr\u00e1ctica el proyecto; el traslado de la ciudad m\u00f3vil a la instituci\u00f3n; armado y coordinaci\u00f3n a cargo de la polic\u00eda vial.<\/p>\n<p>Que la ciudad m\u00f3vil mide 5m y 7m (35m2) y contendr\u00e1 todos los indicadores viales necesarios como carteler\u00eda vial, marcaci\u00f3n de las calles (l\u00ednea de punto, l\u00ednea amarilla, cruce de calles, senda peatonal, sem\u00e1foros, etc.) tambi\u00e9n est\u00e1 preparada para agregar sillas de ruedas y andadores, indicadores en sistema braile, minib\u00fas, bicicletas, cascos.<\/p>\n<p>&nbsp;<\/p>\n<p><strong><u>POR ELLO:\u00a0 <\/u><\/strong><\/p>\n<p>El Honorable Concejo Deliberante de Rivadavia, Mendoza, en uso de sus facultades:<\/p>\n<p>&nbsp;<\/p>\n<p><strong><u>DECLARA:<\/u><\/strong><\/p>\n<p><strong><u>Art\u00edculo 1\u00ba:<\/u><\/strong> Declarar de Inter\u00e9s Departamental Educativo Social \u201cLa Ciudad Vial M\u00f3vil Federal\u201d.<\/p>\n<p><strong><u>Art\u00edculo 2\u00ba:<\/u><\/strong> Rem\u00edtase copia de la presente pieza administrativa, \u00a0a los Concejos Deliberantes de la Zona Este y al se\u00f1or \u00c1ngel Fabi\u00e1n Ratto.<\/p>\n<p><strong><u>Art\u00edculo 3\u00ba:<\/u><\/strong> Comun\u00edquese al Departamento Ejecutivo a sus efectos e ins\u00e9rtese en el Libro de Declaraciones de este Cuerpo.<\/p>\n<p>&nbsp;<\/p>\n<p>Dada en la Sala de Sesiones, \u201cBandera Nacional Argentina\u201d, del Honorable Concejo Deliberante de Rivadavia, Mendoza, a los 04 d\u00edas del mes de setiembre de 2018.<\/p>\n<p>&nbsp;<\/p>\n<p>&nbsp;<\/p>\n<p><strong>\u00a0 \u00a0 \u00a0 \u00a0 \u00a0 Lic.<\/strong> <strong>BRUNO AMBROSINI\u00a0\u00a0\u00a0\u00a0\u00a0\u00a0\u00a0\u00a0\u00a0\u00a0\u00a0\u00a0\u00a0\u00a0\u00a0\u00a0\u00a0\u00a0\u00a0\u00a0\u00a0\u00a0\u00a0\u00a0\u00a0\u00a0\u00a0\u00a0\u00a0\u00a0\u00a0\u00a0\u00a0\u00a0\u00a0\u00a0\u00a0\u00a0\u00a0\u00a0\u00a0\u00a0\u00a0\u00a0\u00a0\u00a0\u00a0 LUCIO GUTIERREZ<\/strong><\/p>\n<p><strong>\u00a0\u00a0\u00a0\u00a0\u00a0\u00a0\u00a0\u00a0\u00a0\u00a0\u00a0 \u00a0\u00a0 SECRETARIO H.C.D.\u00a0\u00a0\u00a0\u00a0\u00a0\u00a0\u00a0\u00a0\u00a0\u00a0\u00a0\u00a0\u00a0\u00a0\u00a0\u00a0\u00a0\u00a0\u00a0\u00a0\u00a0\u00a0\u00a0\u00a0\u00a0\u00a0\u00a0\u00a0\u00a0\u00a0\u00a0\u00a0\u00a0\u00a0\u00a0\u00a0\u00a0\u00a0\u00a0\u00a0\u00a0\u00a0\u00a0\u00a0\u00a0\u00a0\u00a0\u00a0\u00a0\u00a0\u00a0 PRESIDENTE H.C.D.<\/strong><\/p>\n<p>&nbsp;<\/p>\n<p>&nbsp;<\/p>\n<p>Cpde. Expte. N\u00ba 2018-00205-1\u00a0 H.C.D.<\/p>\n<p><a href=\"https:\/\/coworkdigital.com.ar\/hcd\/wp-content\/uploads\/2020\/12\/decl-16-18.pdf\"><img decoding=\"async\" class=\"alignright wp-image-6224\" src=\"https:\/\/coworkdigital.com.ar\/hcd\/wp-content\/uploads\/2020\/06\/descarga_pdf-150x150.png\" width=\"50\" height=\"53\" srcset=\"https:\/\/coworkdigital.com.ar\/hcd\/wp-content\/uploads\/2020\/06\/descarga_pdf-282x300.png 282w, https:\/\/coworkdigital.com.ar\/hcd\/wp-content\/uploads\/2020\/06\/descarga_pdf.png 496w\" sizes=\"(max-width: 50px) 100vw, 50px\" \/><\/a><\/p>\n","protected":false},"excerpt":{"rendered":"<p>VISTO: El Expediente N\u00ba 2018-00205-1, caratulado Ediles del H.C.D de Rivadavia, presentan proyecto de Declaraci\u00f3n, referido a declarar de inter\u00e9s socioeducativo \u201cLa Ciudad Vial M\u00f3vil\u201d, y &nbsp; CONSIDERANDO: La necesidad de ense\u00f1ar a alumnos de Nivel Inicial y Primer Ciclo de Educaci\u00f3n primaria y alumnos con capacidades diferentes a actuar como usuarios de las v\u00edas [&hellip;]<\/p>\n","protected":false},"author":1,"featured_media":0,"comment_status":"closed","ping_status":"closed","sticky":false,"template":"","format":"standard","meta":{"_acf_changed":false,"footnotes":""},"categories":[66],"tags":[],"class_list":["post-9237","post","type-post","status-publish","format-standard","hentry","category-declaraciones"],"acf":[],"_links":{"self":[{"href":"https:\/\/coworkdigital.com.ar\/hcd\/wp-json\/wp\/v2\/posts\/9237","targetHints":{"allow":["GET"]}}],"collection":[{"href":"https:\/\/coworkdigital.com.ar\/hcd\/wp-json\/wp\/v2\/posts"}],"about":[{"href":"https:\/\/coworkdigital.com.ar\/hcd\/wp-json\/wp\/v2\/types\/post"}],"author":[{"embeddable":true,"href":"https:\/\/coworkdigital.com.ar\/hcd\/wp-json\/wp\/v2\/users\/1"}],"replies":[{"embeddable":true,"href":"https:\/\/coworkdigital.com.ar\/hcd\/wp-json\/wp\/v2\/comments?post=9237"}],"version-history":[{"count":0,"href":"https:\/\/coworkdigital.com.ar\/hcd\/wp-json\/wp\/v2\/posts\/9237\/revisions"}],"wp:attachment":[{"href":"https:\/\/coworkdigital.com.ar\/hcd\/wp-json\/wp\/v2\/media?parent=9237"}],"wp:term":[{"taxonomy":"category","embeddable":true,"href":"https:\/\/coworkdigital.com.ar\/hcd\/wp-json\/wp\/v2\/categories?post=9237"},{"taxonomy":"post_tag","embeddable":true,"href":"https:\/\/coworkdigital.com.ar\/hcd\/wp-json\/wp\/v2\/tags?post=9237"}],"curies":[{"name":"wp","href":"https:\/\/api.w.org\/{rel}","templated":true}]}}