{"id":9243,"date":"2018-12-16T18:47:59","date_gmt":"2018-12-16T18:47:59","guid":{"rendered":"http:\/\/rivadaviamendoza.gob.ar\/hcd\/?p=9243"},"modified":"2018-12-16T18:47:59","modified_gmt":"2018-12-16T18:47:59","slug":"ordenanza-1234-2020-copy-copy-6-copy-copy-copy-copy-copy-copy-copy-copy-copy-copy-copy-copy-copy-copy-copy-copy-copy-2-copy-copy-copy-copy-copy-copy-copy-copy-copy-copy-copy-copy-copy-copy-copy-co-189","status":"publish","type":"post","link":"https:\/\/coworkdigital.com.ar\/hcd\/ordenanza-1234-2020-copy-copy-6-copy-copy-copy-copy-copy-copy-copy-copy-copy-copy-copy-copy-copy-copy-copy-copy-copy-2-copy-copy-copy-copy-copy-copy-copy-copy-copy-copy-copy-copy-copy-copy-copy-co-189\/","title":{"rendered":"DECLARACI\u00d3N N\u00ba 18-18"},"content":{"rendered":"<p><strong><img fetchpriority=\"high\" decoding=\"async\" class=\"alignnone wp-image-6853 size-full\" src=\"https:\/\/coworkdigital.com.ar\/hcd\/wp-content\/uploads\/2020\/12\/Zocalo-1.png\" width=\"3100\" height=\"482\" srcset=\"https:\/\/coworkdigital.com.ar\/hcd\/wp-content\/uploads\/2020\/12\/Zocalo-1.png 3100w, https:\/\/coworkdigital.com.ar\/hcd\/wp-content\/uploads\/2020\/12\/Zocalo-1-300x47.png 300w, https:\/\/coworkdigital.com.ar\/hcd\/wp-content\/uploads\/2020\/12\/Zocalo-1-1024x159.png 1024w, https:\/\/coworkdigital.com.ar\/hcd\/wp-content\/uploads\/2020\/12\/Zocalo-1-768x119.png 768w, https:\/\/coworkdigital.com.ar\/hcd\/wp-content\/uploads\/2020\/12\/Zocalo-1-1536x239.png 1536w, https:\/\/coworkdigital.com.ar\/hcd\/wp-content\/uploads\/2020\/12\/Zocalo-1-2048x318.png 2048w, https:\/\/coworkdigital.com.ar\/hcd\/wp-content\/uploads\/2020\/12\/Zocalo-1-600x93.png 600w, https:\/\/coworkdigital.com.ar\/hcd\/wp-content\/uploads\/2020\/12\/Zocalo-1-560x87.png 560w\" sizes=\"(max-width: 3100px) 100vw, 3100px\" \/><\/strong><\/p>\n<p><strong><u>VISTO:<\/u><\/strong><\/p>\n<p>El Expediente N\u00ba 2018-00241-6, caratulado Bloque U.C.R, Concejales Gil y S\u00e1nchez, \u00a0presentan proyecto de Declaraci\u00f3n, referido a Declarar de Inter\u00e9s Departamental a la Asociaci\u00f3n Estrellas Amarillas, y<\/p>\n<p>&nbsp;<\/p>\n<p><strong><u>CONSIDERANDO:<\/u><\/strong><\/p>\n<p>La necesidad de promover un cambio de actitud de los ciudadanos a trav\u00e9s de la concientizaci\u00f3n y educaci\u00f3n vial.<\/p>\n<p>Que la Fundaci\u00f3n Laura Cristina Ambrosio Battistel fue fundada en C\u00f3rdoba por Julio Cesar Ambrosio en homenaje a su hija Laura Cristina, quien con apenas 21 a\u00f1os falleci\u00f3 tr\u00e1gicamente en un accidente de tr\u00e1nsito evitable.<\/p>\n<p>Que la Asociaci\u00f3n Argentina de familiares, amigos y victimas de tr\u00e1nsito (ASAFAVIT) est\u00e1 conformada por padres que han sido v\u00edctima de este flagelo, y que luchan por disminuir los accidentes a trav\u00e9s de distintos mecanismos.<\/p>\n<p>Que la Fundaci\u00f3n junto con ASAFAVIT lleva adelante la campa\u00f1a de educaci\u00f3n vial \u201cEstrellas Amarillas\u201d, por la que se pinta una estrella amarilla en el lugar exacto donde ocurre un accidente de tr\u00e1nsito fatal.<\/p>\n<p>Que la campa\u00f1a tiene como objetivo crear conciencia entre todos los habitantes de la Rep\u00fablica Argentina, y evitar as\u00ed que haya m\u00e1s muertes.<\/p>\n<p>Que en nuestra Provincia la campa\u00f1a es llevada a cabo por dos valientes ciudadanos y ejemplos del Departamento de Guaymall\u00e9n, que gracias a su historia de vida buscan generar conciencia a partir de sus experiencias personales, teniendo como misi\u00f3n desplazarse por todo el territorio Provincial.<\/p>\n<p>Que a partir de los antecedentes registrados en la provincia de Mendoza por accidentes de tr\u00e1nsito se pierden m\u00e1s vidas que por cualquier otro suceso y que nuestro Pa\u00eds ocupa uno de los primeros lugares del ranking por muertes en accidentes de tr\u00e1nsitos.<\/p>\n<p>Que los accidentes ocasionados tambi\u00e9n dan como resultado mucha gente lesionada e incapacitada, por lo que se debe asumir la responsabilidad de afrontar y ser la soluci\u00f3n de este problema que nos compete a todos sin excepci\u00f3n, asumiendo como una obligaci\u00f3n social, luchar por salvar vidas.<\/p>\n<p>Que la campa\u00f1a tiene por efecto concientizar para evitar la producci\u00f3n de accidentes de\u00a0 tr\u00e1nsito.<\/p>\n<p>Que la imagen de una estrella amarilla pintada sobre el pavimento o dibujada en un cartel al lado del camino donde se produjo un siniestro vial en el que alguien perdi\u00f3 la vida, pretende ser una se\u00f1al de alarma, un llamado a tomar conciencia de la cantidad de v\u00edctimas que se cobran todos los d\u00edas los accidentes de tr\u00e1nsito.<\/p>\n<p>Que estas entidades son activas protagonistas para que las comunidades de nuestro Pa\u00eds, junto a los municipios lleven adelante la lucha por frenar este flagel\u00f3 que mutilan familias enteras, dej\u00e1ndolas desgarradas de dolor trucando sue\u00f1os, esperanzas y futuro.<\/p>\n<p>Que el fin es lograr una sociedad que pueda auto educarse en normas viales, manteniendo un respeto integro con la vida propia y la de los dem\u00e1s. Adem\u00e1s, de trabajar para disminuir la problem\u00e1tica de los delitos de tr\u00e1nsito, promoviendo un cambio de actitud a trav\u00e9s de la concientizaci\u00f3n y educaci\u00f3n vial, buscando despertar una actividad proactiva por parte de la ciudadan\u00eda.<\/p>\n<p>Que teniendo como antecedentes municipios que declararon de inter\u00e9s departamental a la campa\u00f1a, como son los departamentos de Guaymall\u00e9n, General Alvear, Lujan de Cuyo, Godoy Cruz, Las Heras y la Honorable C\u00e1mara de Diputados de la Provincia de Mendoza con Resoluci\u00f3n N\u00ba481.<\/p>\n<p>Que la siguiente acci\u00f3n es pasar a la etapa de pintar una estrella amarilla en los lugares que dejaron como resultado una v\u00edctima fatal por accidente de tr\u00e1nsito, simbolizando la CAMPA\u00d1A NACIONAL DE CONCIENTIZACI\u00d3N DENOMINADAS \u201cESTRELLAS AMARRILLAS\u201d.<\/p>\n<p>Que desde el a\u00f1o 2015 el municipio de Rivadavia tiene una clara posici\u00f3n con respecto a la concientizaci\u00f3n sobre la seguridad vial.<\/p>\n<p>&nbsp;<\/p>\n<p><strong><u>POR ELLO:<\/u><\/strong><\/p>\n<p>El Honorable Concejo Deliberante de Rivadavia, Mendoza, en uso de sus facultades:<\/p>\n<p>&nbsp;<\/p>\n<p><strong><u>DECLARA:<\/u><\/strong><\/p>\n<p><strong><u>Art\u00edculo 1\u00ba<\/u><\/strong>: Declarar de inter\u00e9s departamental la Campa\u00f1a Nacional \u201cEstrellas Amarillas\u201d, llevada adelante por la Fundaci\u00f3n Laura Cristina Ambrosio Battistel y la A.S.A.F.A.V.I.T.(Asociaci\u00f3n Argentina de Familiares y Amigos V\u00edctimas de Tr\u00e1nsito).<\/p>\n<p><strong><u>Art\u00edculo 2\u00ba<\/u><\/strong>: Designar como referentes de la campa\u00f1a \u201cEstrellas Amarillas\u201d en el Departamento a los vecinos Mario Julio Orozco y Rosa Elizabeth Barrios.<\/p>\n<p><strong><u>Art\u00edculo 3\u00ba<\/u><\/strong>: Se llevaran a cabo en todo el Departamento, acciones como: pintar estrellas en los lugares donde ocurrieron siniestros viales y la instalaci\u00f3n de monolitos de estrellas amarillas en espacios verdes.<\/p>\n<p><strong><u>Art\u00edculo 4\u00ba<\/u><\/strong>: Notificar a la Polic\u00eda Vial y a los referentes de la campa\u00f1a.<\/p>\n<p><strong><u>Art\u00edculo 5\u00ba<\/u><\/strong>: Comun\u00edquese al Departamento Ejecutivo a sus efectos e ins\u00e9rtese en el Libro de Declaraciones de este Cuerpo.<\/p>\n<p>&nbsp;<\/p>\n<p>Dada en la Sala de Sesiones, \u201cBandera Nacional Argentina\u201d, del Honorable Concejo Deliberante de Rivadavia, Mendoza, a los 11 d\u00edas del mes de setiembre de 2018.<\/p>\n<p>&nbsp;<\/p>\n<p>&nbsp;<\/p>\n<p>&nbsp;<\/p>\n<p><strong>\u00a0\u00a0\u00a0\u00a0\u00a0\u00a0\u00a0\u00a0\u00a0\u00a0\u00a0 Lic. BRUNO AMBROSINI\u00a0\u00a0\u00a0\u00a0\u00a0\u00a0\u00a0\u00a0\u00a0\u00a0\u00a0\u00a0\u00a0\u00a0\u00a0\u00a0\u00a0\u00a0\u00a0\u00a0\u00a0\u00a0\u00a0\u00a0\u00a0\u00a0\u00a0\u00a0\u00a0\u00a0\u00a0\u00a0\u00a0\u00a0\u00a0\u00a0\u00a0\u00a0\u00a0\u00a0\u00a0\u00a0\u00a0\u00a0\u00a0\u00a0\u00a0 LUCIO GUTIERREZ<\/strong><\/p>\n<p><strong>\u00a0 \u00a0 \u00a0 \u00a0 \u00a0 \u00a0 \u00a0 \u00a0 \u00a0SECRETARIO H.C.D.\u00a0 \u00a0 \u00a0 \u00a0 \u00a0 \u00a0 \u00a0 \u00a0 \u00a0 \u00a0 \u00a0 \u00a0 \u00a0 \u00a0 \u00a0 \u00a0 \u00a0 \u00a0 \u00a0 \u00a0 \u00a0 \u00a0 \u00a0 \u00a0 \u00a0 \u00a0 \u00a0PRESIDENTE H.C.D.<\/strong><\/p>\n<p>&nbsp;<\/p>\n<p>&nbsp;<\/p>\n<p>Cpde. Expte. N\u00ba 2018-00241-6\u00a0 H.C.D.<\/p>\n<p><a href=\"https:\/\/coworkdigital.com.ar\/hcd\/wp-content\/uploads\/2020\/12\/decl-18-18.pdf\"><img decoding=\"async\" class=\"alignright wp-image-6224\" src=\"https:\/\/coworkdigital.com.ar\/hcd\/wp-content\/uploads\/2020\/06\/descarga_pdf-150x150.png\" width=\"50\" height=\"53\" srcset=\"https:\/\/coworkdigital.com.ar\/hcd\/wp-content\/uploads\/2020\/06\/descarga_pdf-282x300.png 282w, https:\/\/coworkdigital.com.ar\/hcd\/wp-content\/uploads\/2020\/06\/descarga_pdf.png 496w\" sizes=\"(max-width: 50px) 100vw, 50px\" \/><\/a><\/p>\n","protected":false},"excerpt":{"rendered":"<p>VISTO: El Expediente N\u00ba 2018-00241-6, caratulado Bloque U.C.R, Concejales Gil y S\u00e1nchez, \u00a0presentan proyecto de Declaraci\u00f3n, referido a Declarar de Inter\u00e9s Departamental a la Asociaci\u00f3n Estrellas Amarillas, y &nbsp; CONSIDERANDO: La necesidad de promover un cambio de actitud de los ciudadanos a trav\u00e9s de la concientizaci\u00f3n y educaci\u00f3n vial. Que la Fundaci\u00f3n Laura Cristina Ambrosio [&hellip;]<\/p>\n","protected":false},"author":1,"featured_media":0,"comment_status":"closed","ping_status":"closed","sticky":false,"template":"","format":"standard","meta":{"_acf_changed":false,"footnotes":""},"categories":[66],"tags":[],"class_list":["post-9243","post","type-post","status-publish","format-standard","hentry","category-declaraciones"],"acf":[],"_links":{"self":[{"href":"https:\/\/coworkdigital.com.ar\/hcd\/wp-json\/wp\/v2\/posts\/9243","targetHints":{"allow":["GET"]}}],"collection":[{"href":"https:\/\/coworkdigital.com.ar\/hcd\/wp-json\/wp\/v2\/posts"}],"about":[{"href":"https:\/\/coworkdigital.com.ar\/hcd\/wp-json\/wp\/v2\/types\/post"}],"author":[{"embeddable":true,"href":"https:\/\/coworkdigital.com.ar\/hcd\/wp-json\/wp\/v2\/users\/1"}],"replies":[{"embeddable":true,"href":"https:\/\/coworkdigital.com.ar\/hcd\/wp-json\/wp\/v2\/comments?post=9243"}],"version-history":[{"count":0,"href":"https:\/\/coworkdigital.com.ar\/hcd\/wp-json\/wp\/v2\/posts\/9243\/revisions"}],"wp:attachment":[{"href":"https:\/\/coworkdigital.com.ar\/hcd\/wp-json\/wp\/v2\/media?parent=9243"}],"wp:term":[{"taxonomy":"category","embeddable":true,"href":"https:\/\/coworkdigital.com.ar\/hcd\/wp-json\/wp\/v2\/categories?post=9243"},{"taxonomy":"post_tag","embeddable":true,"href":"https:\/\/coworkdigital.com.ar\/hcd\/wp-json\/wp\/v2\/tags?post=9243"}],"curies":[{"name":"wp","href":"https:\/\/api.w.org\/{rel}","templated":true}]}}