{"id":9245,"date":"2018-12-16T18:49:22","date_gmt":"2018-12-16T18:49:22","guid":{"rendered":"http:\/\/rivadaviamendoza.gob.ar\/hcd\/?p=9245"},"modified":"2018-12-16T18:49:22","modified_gmt":"2018-12-16T18:49:22","slug":"ordenanza-1234-2020-copy-copy-6-copy-copy-copy-copy-copy-copy-copy-copy-copy-copy-copy-copy-copy-copy-copy-copy-copy-2-copy-copy-copy-copy-copy-copy-copy-copy-copy-copy-copy-copy-copy-copy-copy-co-190","status":"publish","type":"post","link":"https:\/\/coworkdigital.com.ar\/hcd\/ordenanza-1234-2020-copy-copy-6-copy-copy-copy-copy-copy-copy-copy-copy-copy-copy-copy-copy-copy-copy-copy-copy-copy-2-copy-copy-copy-copy-copy-copy-copy-copy-copy-copy-copy-copy-copy-copy-copy-co-190\/","title":{"rendered":"DECLARACI\u00d3N N\u00ba 19-18"},"content":{"rendered":"<p><strong><img fetchpriority=\"high\" decoding=\"async\" class=\"alignnone wp-image-6853 size-full\" src=\"https:\/\/coworkdigital.com.ar\/hcd\/wp-content\/uploads\/2020\/12\/Zocalo-1.png\" width=\"3100\" height=\"482\" srcset=\"https:\/\/coworkdigital.com.ar\/hcd\/wp-content\/uploads\/2020\/12\/Zocalo-1.png 3100w, https:\/\/coworkdigital.com.ar\/hcd\/wp-content\/uploads\/2020\/12\/Zocalo-1-300x47.png 300w, https:\/\/coworkdigital.com.ar\/hcd\/wp-content\/uploads\/2020\/12\/Zocalo-1-1024x159.png 1024w, https:\/\/coworkdigital.com.ar\/hcd\/wp-content\/uploads\/2020\/12\/Zocalo-1-768x119.png 768w, https:\/\/coworkdigital.com.ar\/hcd\/wp-content\/uploads\/2020\/12\/Zocalo-1-1536x239.png 1536w, https:\/\/coworkdigital.com.ar\/hcd\/wp-content\/uploads\/2020\/12\/Zocalo-1-2048x318.png 2048w, https:\/\/coworkdigital.com.ar\/hcd\/wp-content\/uploads\/2020\/12\/Zocalo-1-600x93.png 600w, https:\/\/coworkdigital.com.ar\/hcd\/wp-content\/uploads\/2020\/12\/Zocalo-1-560x87.png 560w\" sizes=\"(max-width: 3100px) 100vw, 3100px\" \/><\/strong><\/p>\n<p><strong><u>VISTO:<\/u><\/strong><\/p>\n<p>El Expediente N\u00ba 2018-00244-0, caratulado Radio Popular F.M.105-7, solicita Declarar de Inter\u00e9s Municipal \u201cEl Primer Certamen Radial de Poes\u00eda Libre\u201d, y<\/p>\n<p>&nbsp;<\/p>\n<p><strong><u>CONSIDERANDO:<\/u><\/strong><\/p>\n<p>Que este certamen radial busca fomentar la poes\u00eda y la lectura en ni\u00f1os que concurren a Escuelas del departamento de Rivadavia, especialmente aquellos de 4\u00ba, 5\u00ba, 6\u00ba y 7\u00ba grado.<\/p>\n<p>Que este evento se llevar\u00e1 a cabo en Radio Popular FM, en el programa \u201cAMARRADITO\u201d, conducido por Pablo Jos\u00e9 y Cristina Gim\u00e9nez.<\/p>\n<p>&nbsp;<\/p>\n<p><strong><u>POR ELLO:<\/u><\/strong><\/p>\n<p>El Honorable Concejo Deliberante de Rivadavia, Mendoza, en uso de sus facultades:<\/p>\n<p>&nbsp;<\/p>\n<p><strong><u>DECLARA:<\/u><\/strong><\/p>\n<p><strong><u>Art\u00edculo 1<\/u><\/strong>: Declarar de Inter\u00e9s Departamental el \u201cPrimer Certamen Radial de Poes\u00eda Libre\u201d, organizado por Pablo Jos\u00e9 y Cristina Gim\u00e9nez, conductores del programa AMARRADITOS, que se emite por Radio Popular FM y busca fomentar la poes\u00eda y la lectura en ni\u00f1os que concurren a establecimientos de educaci\u00f3n primaria de nuestro Departamento.<\/p>\n<p><strong><u>Art\u00edculo 2<\/u><\/strong>: Comun\u00edquese al Departamento Ejecutivo a sus efectos e ins\u00e9rtese en el Libro de Declaraciones de este Cuerpo.<\/p>\n<p>&nbsp;<\/p>\n<p>Dada en la Sala de Sesiones, \u201cBandera Nacional Argentina\u201d, del Honorable Concejo Deliberante de Rivadavia, Mendoza, a los 18 d\u00edas del mes de setiembre de 2018.<\/p>\n<p>&nbsp;<\/p>\n<p>&nbsp;<\/p>\n<p><strong>\u00a0 \u00a0 \u00a0 \u00a0 \u00a0 \u00a0 Lic.<\/strong> <strong>BRUNO AMBROSINI\u00a0\u00a0\u00a0\u00a0\u00a0\u00a0\u00a0\u00a0\u00a0\u00a0\u00a0\u00a0\u00a0\u00a0\u00a0\u00a0\u00a0\u00a0\u00a0\u00a0\u00a0\u00a0\u00a0\u00a0\u00a0\u00a0\u00a0\u00a0\u00a0\u00a0\u00a0\u00a0\u00a0\u00a0\u00a0\u00a0\u00a0\u00a0\u00a0\u00a0\u00a0\u00a0\u00a0\u00a0\u00a0\u00a0\u00a0 ALEJANDRO DERKAEZ<\/strong><\/p>\n<p><strong>\u00a0\u00a0\u00a0\u00a0\u00a0\u00a0\u00a0\u00a0\u00a0\u00a0\u00a0 \u00a0\u00a0\u00a0 SECRETARIO H.C.D.\u00a0\u00a0\u00a0\u00a0\u00a0\u00a0\u00a0\u00a0\u00a0\u00a0\u00a0\u00a0\u00a0\u00a0\u00a0\u00a0\u00a0\u00a0\u00a0\u00a0\u00a0\u00a0\u00a0\u00a0\u00a0\u00a0\u00a0 \u00a0\u00a0\u00a0\u00a0\u00a0\u00a0\u00a0\u00a0\u00a0\u00a0\u00a0\u00a0\u00a0\u00a0\u00a0\u00a0\u00a0\u00a0\u00a0\u00a0 VICEPRESIDENTE 1\u00ba H.C.D.<\/strong><\/p>\n<p><strong>\u00a0\u00a0\u00a0\u00a0\u00a0\u00a0\u00a0\u00a0\u00a0\u00a0\u00a0\u00a0\u00a0\u00a0\u00a0\u00a0\u00a0\u00a0\u00a0\u00a0\u00a0\u00a0\u00a0\u00a0\u00a0\u00a0\u00a0\u00a0\u00a0\u00a0\u00a0\u00a0\u00a0\u00a0\u00a0\u00a0\u00a0\u00a0\u00a0\u00a0\u00a0\u00a0\u00a0\u00a0\u00a0\u00a0\u00a0\u00a0\u00a0\u00a0\u00a0\u00a0\u00a0\u00a0\u00a0\u00a0\u00a0\u00a0\u00a0\u00a0\u00a0\u00a0\u00a0\u00a0\u00a0\u00a0\u00a0\u00a0\u00a0\u00a0\u00a0\u00a0\u00a0\u00a0\u00a0\u00a0\u00a0\u00a0\u00a0\u00a0\u00a0\u00a0\u00a0\u00a0\u00a0\u00a0\u00a0\u00a0\u00a0\u00a0\u00a0\u00a0\u00a0\u00a0\u00a0\u00a0\u00a0\u00a0\u00a0\u00a0\u00a0\u00a0\u00a0\u00a0\u00a0 \u00a0\u00a0\u00a0 A\/C PRESIDENCIA<\/strong><\/p>\n<p>&nbsp;<\/p>\n<p>Cpde. Expte. N\u00ba 2018-00244-0\u00a0 H.C.D.<\/p>\n<p><a href=\"https:\/\/coworkdigital.com.ar\/hcd\/wp-content\/uploads\/2020\/12\/decl-19-18.pdf\"><img decoding=\"async\" class=\"alignright wp-image-6224\" src=\"https:\/\/coworkdigital.com.ar\/hcd\/wp-content\/uploads\/2020\/06\/descarga_pdf-150x150.png\" width=\"50\" height=\"53\" srcset=\"https:\/\/coworkdigital.com.ar\/hcd\/wp-content\/uploads\/2020\/06\/descarga_pdf-282x300.png 282w, https:\/\/coworkdigital.com.ar\/hcd\/wp-content\/uploads\/2020\/06\/descarga_pdf.png 496w\" sizes=\"(max-width: 50px) 100vw, 50px\" \/><\/a><\/p>\n","protected":false},"excerpt":{"rendered":"<p>VISTO: El Expediente N\u00ba 2018-00244-0, caratulado Radio Popular F.M.105-7, solicita Declarar de Inter\u00e9s Municipal \u201cEl Primer Certamen Radial de Poes\u00eda Libre\u201d, y &nbsp; CONSIDERANDO: Que este certamen radial busca fomentar la poes\u00eda y la lectura en ni\u00f1os que concurren a Escuelas del departamento de Rivadavia, especialmente aquellos de 4\u00ba, 5\u00ba, 6\u00ba y 7\u00ba grado. Que [&hellip;]<\/p>\n","protected":false},"author":1,"featured_media":0,"comment_status":"closed","ping_status":"closed","sticky":false,"template":"","format":"standard","meta":{"_acf_changed":false,"footnotes":""},"categories":[66],"tags":[],"class_list":["post-9245","post","type-post","status-publish","format-standard","hentry","category-declaraciones"],"acf":[],"_links":{"self":[{"href":"https:\/\/coworkdigital.com.ar\/hcd\/wp-json\/wp\/v2\/posts\/9245","targetHints":{"allow":["GET"]}}],"collection":[{"href":"https:\/\/coworkdigital.com.ar\/hcd\/wp-json\/wp\/v2\/posts"}],"about":[{"href":"https:\/\/coworkdigital.com.ar\/hcd\/wp-json\/wp\/v2\/types\/post"}],"author":[{"embeddable":true,"href":"https:\/\/coworkdigital.com.ar\/hcd\/wp-json\/wp\/v2\/users\/1"}],"replies":[{"embeddable":true,"href":"https:\/\/coworkdigital.com.ar\/hcd\/wp-json\/wp\/v2\/comments?post=9245"}],"version-history":[{"count":0,"href":"https:\/\/coworkdigital.com.ar\/hcd\/wp-json\/wp\/v2\/posts\/9245\/revisions"}],"wp:attachment":[{"href":"https:\/\/coworkdigital.com.ar\/hcd\/wp-json\/wp\/v2\/media?parent=9245"}],"wp:term":[{"taxonomy":"category","embeddable":true,"href":"https:\/\/coworkdigital.com.ar\/hcd\/wp-json\/wp\/v2\/categories?post=9245"},{"taxonomy":"post_tag","embeddable":true,"href":"https:\/\/coworkdigital.com.ar\/hcd\/wp-json\/wp\/v2\/tags?post=9245"}],"curies":[{"name":"wp","href":"https:\/\/api.w.org\/{rel}","templated":true}]}}