{"id":9255,"date":"2018-12-16T18:53:28","date_gmt":"2018-12-16T18:53:28","guid":{"rendered":"http:\/\/rivadaviamendoza.gob.ar\/hcd\/?p=9255"},"modified":"2018-12-16T18:53:28","modified_gmt":"2018-12-16T18:53:28","slug":"ordenanza-1234-2020-copy-copy-6-copy-copy-copy-copy-copy-copy-copy-copy-copy-copy-copy-copy-copy-copy-copy-copy-copy-2-copy-copy-copy-copy-copy-copy-copy-copy-copy-copy-copy-copy-copy-copy-copy-co-192","status":"publish","type":"post","link":"https:\/\/coworkdigital.com.ar\/hcd\/ordenanza-1234-2020-copy-copy-6-copy-copy-copy-copy-copy-copy-copy-copy-copy-copy-copy-copy-copy-copy-copy-copy-copy-2-copy-copy-copy-copy-copy-copy-copy-copy-copy-copy-copy-copy-copy-copy-copy-co-192\/","title":{"rendered":"DECLARACI\u00d3N N\u00ba 21-18"},"content":{"rendered":"<p><strong><img fetchpriority=\"high\" decoding=\"async\" class=\"alignnone wp-image-6853 size-full\" src=\"https:\/\/coworkdigital.com.ar\/hcd\/wp-content\/uploads\/2020\/12\/Zocalo-1.png\" width=\"3100\" height=\"482\" srcset=\"https:\/\/coworkdigital.com.ar\/hcd\/wp-content\/uploads\/2020\/12\/Zocalo-1.png 3100w, https:\/\/coworkdigital.com.ar\/hcd\/wp-content\/uploads\/2020\/12\/Zocalo-1-300x47.png 300w, https:\/\/coworkdigital.com.ar\/hcd\/wp-content\/uploads\/2020\/12\/Zocalo-1-1024x159.png 1024w, https:\/\/coworkdigital.com.ar\/hcd\/wp-content\/uploads\/2020\/12\/Zocalo-1-768x119.png 768w, https:\/\/coworkdigital.com.ar\/hcd\/wp-content\/uploads\/2020\/12\/Zocalo-1-1536x239.png 1536w, https:\/\/coworkdigital.com.ar\/hcd\/wp-content\/uploads\/2020\/12\/Zocalo-1-2048x318.png 2048w, https:\/\/coworkdigital.com.ar\/hcd\/wp-content\/uploads\/2020\/12\/Zocalo-1-600x93.png 600w, https:\/\/coworkdigital.com.ar\/hcd\/wp-content\/uploads\/2020\/12\/Zocalo-1-560x87.png 560w\" sizes=\"(max-width: 3100px) 100vw, 3100px\" \/><\/strong><\/p>\n<p><strong><u>VISTO:<\/u><\/strong><\/p>\n<p>Que los d\u00edas 10 y 11 de octubre del corriente a\u00f1o, se realizara \u00a0el \u201cIV Congreso Regional de Educaci\u00f3n T\u00e9cnico Profesional y \u201cI Congreso Regional de Educaci\u00f3n\u00a0 y Formaci\u00f3n Docente\u201d, y<\/p>\n<p>&nbsp;<\/p>\n<p><strong><u>CONSIDERANDO:<\/u><\/strong><\/p>\n<p>Que la modalidad de la presente se explicar\u00e1 a continuaci\u00f3n:<\/p>\n<ol>\n<li><strong> IV CONGRESO REGIONAL DE EDUCACI\u00d3N T\u00c9CNICO PROFESIONAL<\/strong><\/li>\n<\/ol>\n<p>1.1. TEMA DE CONVOCATORIA\u00a0 El Congreso Regional de Educaci\u00f3n T\u00e9cnico Profesional nace en 2015, y adopta como tema permanente de convocatoria: \u201cUn an\u00e1lisis de la Regi\u00f3n desde la mirada de sus protagonistas\u201d.<\/p>\n<p>1.2. \u00a0DESTINATARIOS El Congreso est\u00e1 destinado a docentes, investigadores, estudiantes y egresados de Carreras de Nivel Superior, y a p\u00fablico en general.<\/p>\n<p>1.3. \u00a0OBJETIVOS Entre otros aspectos, el Congreso se pretende consolidar como \u00e1mbito que permita:<\/p>\n<ul>\n<li>Promover el intercambio de experiencias y conocimientos entre docentes, investigadores, estudiantes y egresados de distintas carreras de nivel superior.<\/li>\n<li>Establecer v\u00ednculos entre los distintos referentes del sector acad\u00e9mico, estatal, no gubernamental, socio productivo y cient\u00edfico &#8211; tecnol\u00f3gico de la Regi\u00f3n. INSTITUTO DE FORMACI\u00d3N DOCENTE Y T\u00c9CNICA N\u00ba 9-006 \u201cPROFESOR FRANCISCO HUMBERTO TOLOSA\u201d San Mart\u00edn 562, Ciudad de Rivadavia. Mendoza I Tel\u00e9fono (0263) 4442078<\/li>\n<li>Analizar la situaci\u00f3n de nuestras principales econom\u00edas regionales e identificar claves y estrategias que promuevan un desarrollo arm\u00f3nico y sustentable.<\/li>\n<li>Propiciar la discusi\u00f3n sobre problem\u00e1ticas y desaf\u00edos asociados al campo de la Educaci\u00f3n Superior, con particular \u00e9nfasis en la modalidad T\u00e9cnico Profesional.<\/li>\n<\/ul>\n<p>1.4. ACTIVIDADES Y \u00c1REAS TEM\u00c1TICAS<\/p>\n<p>El Congreso prev\u00e9 el desarrollo de distintas actividades: conferencias, paneles, mesas especiales y talleres, a lo largo de dos jornadas. Las mismas se organizan en torno a los siguientes ejes o \u00e1reas tem\u00e1ticas:<\/p>\n<ol>\n<li>Desarrollo Local y Regional<\/li>\n<li>Administraci\u00f3n P\u00fablica y Gobierno<\/li>\n<li>Medio Ambiente y Recursos Naturales<\/li>\n<li>Econom\u00eda<\/li>\n<li>Educaci\u00f3n Superior<\/li>\n<li>Democracia, Ciudadan\u00eda y Derechos Humanos<\/li>\n<li>Ciencia, Tecnolog\u00eda e Innovaci\u00f3n<\/li>\n<li>Gesti\u00f3n Empresarial<\/li>\n<li>Comunicaci\u00f3n y Medios<\/li>\n<li>Artes Pl\u00e1sticas, Visuales y Artesanales<\/li>\n<\/ol>\n<ol start=\"2\">\n<li><strong> I CONGRESO REGIONAL DE EDUCACI\u00d3N Y FORMACI\u00d3N DOCENTE<\/strong><\/li>\n<\/ol>\n<p>2.1. TEMA DE CONVOCATORIA En su primera edici\u00f3n, el Congreso Regional de Educaci\u00f3n y Formaci\u00f3n Docente adopta como tema de convocatoria: \u201cGesti\u00f3n del conocimiento en el siglo XXI. Debates e ideas creativas para pensar el futuro\u201d.<\/p>\n<p>2.2. DESTINATARIOS\u00a0 El Congreso est\u00e1 destinado a docentes de todos los ciclos, niveles y modalidades, a investigadores, estudiantes y egresados de Carreras de Nivel Superior, y al p\u00fablico en general. INSTITUTO DE FORMACI\u00d3N DOCENTE Y T\u00c9CNICA N\u00ba 9-006 \u201cPROFESOR FRANCISCO HUMBERTO TOLOSA\u201d San Mart\u00edn 562, Ciudad de Rivadavia. Mendoza I Tel\u00e9fono (0263) 4442078.<\/p>\n<p>2.3. OBJETIVOS Entre otros aspectos, el Congreso se pretende consolidar como \u00e1mbito que permita:<\/p>\n<ul>\n<li>Promover el intercambio de experiencias y conocimientos entre docentes, investigadores, estudiantes y egresados de distintas carreras de Nivel Superior.<\/li>\n<li>Visibilizar y compartir estrategias innovadoras y pr\u00e1cticas pedag\u00f3gicas significativas, en los distintos niveles, ciclos y modalidades del sistema educativo.<\/li>\n<\/ul>\n<ul>\n<li>Fortalecer v\u00ednculos y alentar redes de intercambio con Instituciones de Nivel Superior, Escuelas Asociadas, y Organizaciones Sociales y Educativas de la Regi\u00f3n.<\/li>\n<li>Compartir miradas y perspectivas pedag\u00f3gicas que favorezcan el an\u00e1lisis cr\u00edtico de la educaci\u00f3n, el lenguaje y la sociedad.<\/li>\n<li>Socializar experiencias y producciones cient\u00edficas que contribuyan al fortalecimiento de la investigaci\u00f3n educativa, y a la mejora de las pr\u00e1cticas formativas.<\/li>\n<li>Propiciar la discusi\u00f3n sobre problem\u00e1ticas y desaf\u00edos asociados al campo de la Educaci\u00f3n Superior, con particular \u00e9nfasis en el \u00e1mbito de la Formaci\u00f3n Docente.<\/li>\n<\/ul>\n<p>2.4. ACTIVIDADES Y \u00c1REAS TEM\u00c1TICAS El Congreso prev\u00e9 el desarrollo de distintas actividades: conferencias, paneles, mesas especiales y talleres, a lo largo de dos jornadas. Las mismas se organizan en torno a los siguientes ejes o \u00e1reas tem\u00e1ticas:<\/p>\n<ol>\n<li>Pr\u00e1cticas, experiencias y estrategias pedag\u00f3gicas innovadoras.<\/li>\n<li>Trayectorias y pr\u00e1cticas formativas en los distintos ciclos, niveles y modalidades de la educaci\u00f3n.<\/li>\n<li>Escenarios, problem\u00e1ticas y desaf\u00edos de la educaci\u00f3n en el Siglo XXI.<\/li>\n<li>Sistema educativo y pol\u00edticas p\u00fablicas. INSTITUTO DE FORMACI\u00d3N DOCENTE Y T\u00c9CNICA N\u00ba 9-006 \u201cPROFESOR FRANCISCO HUMBERTO TOLOSA\u201d San Mart\u00edn 562, Ciudad de Rivadavia. Mendoza I Tel\u00e9fono (0263) 4442078 5. Educaci\u00f3n, ciudadan\u00eda y derechos humanos.<\/li>\n<\/ol>\n<p><strong>\u00a0<\/strong><\/p>\n<ol start=\"3\">\n<li><strong> ALTERNATIVAS POSIBLES DE PARTICIPACI\u00d3N<\/strong><\/li>\n<\/ol>\n<p>3.1. Ponencia regular: se trata de una ponencia propuesta por un docente, egresado o estudiante, asociada a alguna\/s de las \u00e1reas tem\u00e1ticas sugeridas por la organizaci\u00f3n. Si resulta aceptada, la ponencia ser\u00e1 incluida en un panel denominado Panel regular (si se trata de un docente o egresado) o en una Mesa de Estudiantes (si se trata de un no egresado). En el panel o mesa se incluir\u00e1n otras ponencias similares o de tem\u00e1tica af\u00edn. El panel ser\u00e1 conducido por un coordinador y podr\u00e1 tener hasta 2 comentaristas. Cada exposici\u00f3n individual tendr\u00e1 una duraci\u00f3n aproximada de 15-20 minutos y, sobre el final, se permitir\u00e1n preguntas de los asistentes.<\/p>\n<p>3.2. Panel cerrado: se trata de una propuesta de panel que est\u00e9 asociada a alguna\/s de las \u00e1reas tem\u00e1ticas sugeridas por la organizaci\u00f3n. La propuesta de panel deber\u00e1 incluir el tema que se aborda, como los expositores propuestos para integrarlo. Si resulta aceptado, es incluido por la organizaci\u00f3n en el programa.<\/p>\n<p>3.3. Panel cerrado (grupos o equipos de investigaci\u00f3n): se trata una propuesta de panel cerrado presentada al Congreso que est\u00e1 asociada a alguna\/s de las \u00e1reas tem\u00e1ticas sugeridas por la organizaci\u00f3n, y cuyos expositores deben pertenecer a un equipo de investigaci\u00f3n acreditado institucionalmente. La propuesta incluye el nombre del grupo, el tema y los expositores propuestos para integrarlo. Si el panel resulta aceptado, es incluido por la organizaci\u00f3n en el programa.<\/p>\n<p>3.4. Mesa especial: se trata de una propuesta de panel cerrado cuyos expositores realizan una presentaci\u00f3n libre de un tema previamente acordado con la organizaci\u00f3n, sin enviar ni presentar una ponencia necesariamente. Si la mesa especial resulta aceptada, es incluida por la organizaci\u00f3n en el programa.<\/p>\n<p>3.5. Talleres: Tendr\u00e1n una duraci\u00f3n aproximada de 120 minutos y podr\u00e1n desarrollarse, seg\u00fan su extensi\u00f3n, en una o m\u00e1s sesiones. Si el taller resulta aceptado, es incluido por la organizaci\u00f3n en el programa.<\/p>\n<p>3.6. Actividades propuestas por la organizaci\u00f3n de ambos congresos.<\/p>\n<p>3.6.1. Simposios: se trata de la presentaci\u00f3n de un tema o eje tem\u00e1tico transversal a todo el Congreso que incluye a paneles regulares, mesas de estudiantes, paneles cerrados, mesas especiales y conferencias. Son dise\u00f1ados por la organizaci\u00f3n de ambos congresos.<\/p>\n<p>3.6.2. Conferencias: se trata de la presentaci\u00f3n de un tema asociado a alguna\/s de las \u00e1reas tem\u00e1ticas propuestas, por parte de uno \u00f3 dos expositores. Tendr\u00e1n una INSTITUTO DE FORMACI\u00d3N DOCENTE Y T\u00c9CNICA N\u00ba 9-006 \u201cPROFESOR. FRANCISCO HUMBERTO TOLOSA\u201d San Mart\u00edn 562, Ciudad de Rivadavia. Mendoza I Tel\u00e9fono (0263) 4442078 duraci\u00f3n aproximada de 40-50 minutos y, sobre el final, se permitir\u00e1n preguntas de los asistentes. Son dise\u00f1ados por la organizaci\u00f3n de ambos congresos.<\/p>\n<p><strong>\u00a0<\/strong><\/p>\n<ol start=\"4\">\n<li><strong> \u00bfC\u00d3MO CANALIZAR LA PRESENTACI\u00d3N DE PROPUESTAS?<\/strong><\/li>\n<\/ol>\n<p>Las propuestas deber\u00e1n ser presentadas, personalmente en Secretar\u00eda del Instituto (San Mart\u00edn 562, 1\u00ba Piso, Ciudad de Rivadavia), o a trav\u00e9s de los siguientes correos electr\u00f3nicos: desarrolloprofesionaltecnico@gmail.com \/ dpd9006@gmail.com. En todos los casos, se deber\u00e1 especificar: Tipo de propuesta (Mesa especial, Panel, Conferencia, etc.), T\u00edtulo de la propuesta,<\/p>\n<p>\u00c1rea\/s tem\u00e1tica\/s a la\/s que se presenta, Resumen (extensi\u00f3n m\u00e1xima 500 palabras), y datos personales y de contacto del\/los expositor\/es. Las propuestas podr\u00e1n presentarse hasta el d\u00eda LUNES 10 DE SEPTIEMBRE de 2018, inclusive.<\/p>\n<p>&nbsp;<\/p>\n<p><strong><u>POR ELLO:<\/u><\/strong><\/p>\n<p>El Honorable Concejo Deliberante de Rivadavia, Mendoza, en uso de sus facultades:<\/p>\n<p>&nbsp;<\/p>\n<p><strong><u>DECLARA:<\/u><\/strong><\/p>\n<p><strong><u>Art\u00edculo 1\u00ba<\/u><\/strong>: El Honorable Concejo Deliberante\u00a0 Declara de Inter\u00e9s Departamental Cultural, Social y Educativo, el \u201cIV CONGRESO REGIONAL DE EDUCACI\u00d3N T\u00c9CNICO PROFESIONAL y \u201cI CONGRESO REGIONAL DE EDUCACI\u00d3N Y FORMACI\u00d3N DOCENTE\u201d.<\/p>\n<p><strong><u>Art\u00edculo 2\u00ba:<\/u><\/strong> Rem\u00edtase copia de esta pieza legal al Director General de Escuelas Lic. Jaime Correa, a la Coordinadora de Educaci\u00f3n Superior Lic. Ema Cuneti, a la Directora del Instituto de Educaci\u00f3n Superior Francisco Humberto Tolosa Dra. Patricia Abraham y los H.C.D de la Zona Este.<\/p>\n<p><strong><u>Art\u00edculo 3\u00ba<\/u><\/strong>: Comun\u00edquese al Departamento Ejecutivo a sus efectos e ins\u00e9rtese en el Libro de Declaraciones de este Cuerpo.<\/p>\n<p>&nbsp;<\/p>\n<p>Dada en la Sala de Sesiones, \u201cBandera Nacional Argentina\u201d, del Honorable Concejo Deliberante de Rivadavia, Mendoza, a los 02 d\u00edas del mes de octubre \u00a0de 2018.<\/p>\n<p>&nbsp;<\/p>\n<p>&nbsp;<\/p>\n<p><strong>\u00a0 \u00a0 \u00a0 \u00a0 \u00a0 \u00a0 Lic<\/strong>. <strong>BRUNO AMBROSINI\u00a0 \u00a0 \u00a0 \u00a0 \u00a0 \u00a0 \u00a0 \u00a0 \u00a0 \u00a0 \u00a0 \u00a0 \u00a0 \u00a0 \u00a0 \u00a0 \u00a0 \u00a0 \u00a0 \u00a0 \u00a0 \u00a0 \u00a0 \u00a0LUCIO GUTIERREZ<\/strong><\/p>\n<p><strong>\u00a0\u00a0\u00a0\u00a0\u00a0\u00a0\u00a0\u00a0\u00a0\u00a0\u00a0 \u00a0 \u00a0\u00a0SECRETARIO H.C.D.\u00a0\u00a0\u00a0\u00a0\u00a0\u00a0\u00a0\u00a0\u00a0\u00a0\u00a0\u00a0\u00a0\u00a0\u00a0\u00a0\u00a0\u00a0\u00a0\u00a0\u00a0\u00a0\u00a0\u00a0\u00a0\u00a0\u00a0\u00a0\u00a0\u00a0\u00a0\u00a0\u00a0\u00a0\u00a0\u00a0\u00a0\u00a0\u00a0\u00a0\u00a0\u00a0\u00a0\u00a0\u00a0\u00a0\u00a0\u00a0\u00a0\u00a0 PRESIDENTE H.C.D.<\/strong><\/p>\n<p><strong>\u00a0<\/strong><\/p>\n<p>&nbsp;<\/p>\n<p>Cpde. Expte. N\u00ba 2018-00263-0\u00a0 H.C.D.<\/p>\n<p>Cpde. Expte. N\u00ba 2018-00265-5\u00a0 H.C.D.<\/p>\n<p><a href=\"https:\/\/coworkdigital.com.ar\/hcd\/wp-content\/uploads\/2020\/12\/decl-21-18.pdf\"><img decoding=\"async\" class=\"alignright wp-image-6224\" src=\"https:\/\/coworkdigital.com.ar\/hcd\/wp-content\/uploads\/2020\/06\/descarga_pdf-150x150.png\" width=\"50\" height=\"53\" srcset=\"https:\/\/coworkdigital.com.ar\/hcd\/wp-content\/uploads\/2020\/06\/descarga_pdf-282x300.png 282w, https:\/\/coworkdigital.com.ar\/hcd\/wp-content\/uploads\/2020\/06\/descarga_pdf.png 496w\" sizes=\"(max-width: 50px) 100vw, 50px\" \/><\/a><\/p>\n","protected":false},"excerpt":{"rendered":"<p>VISTO: Que los d\u00edas 10 y 11 de octubre del corriente a\u00f1o, se realizara \u00a0el \u201cIV Congreso Regional de Educaci\u00f3n T\u00e9cnico Profesional y \u201cI Congreso Regional de Educaci\u00f3n\u00a0 y Formaci\u00f3n Docente\u201d, y &nbsp; CONSIDERANDO: Que la modalidad de la presente se explicar\u00e1 a continuaci\u00f3n: IV CONGRESO REGIONAL DE EDUCACI\u00d3N T\u00c9CNICO PROFESIONAL 1.1. TEMA DE CONVOCATORIA\u00a0 [&hellip;]<\/p>\n","protected":false},"author":1,"featured_media":0,"comment_status":"closed","ping_status":"closed","sticky":false,"template":"","format":"standard","meta":{"_acf_changed":false,"footnotes":""},"categories":[66],"tags":[],"class_list":["post-9255","post","type-post","status-publish","format-standard","hentry","category-declaraciones"],"acf":[],"_links":{"self":[{"href":"https:\/\/coworkdigital.com.ar\/hcd\/wp-json\/wp\/v2\/posts\/9255","targetHints":{"allow":["GET"]}}],"collection":[{"href":"https:\/\/coworkdigital.com.ar\/hcd\/wp-json\/wp\/v2\/posts"}],"about":[{"href":"https:\/\/coworkdigital.com.ar\/hcd\/wp-json\/wp\/v2\/types\/post"}],"author":[{"embeddable":true,"href":"https:\/\/coworkdigital.com.ar\/hcd\/wp-json\/wp\/v2\/users\/1"}],"replies":[{"embeddable":true,"href":"https:\/\/coworkdigital.com.ar\/hcd\/wp-json\/wp\/v2\/comments?post=9255"}],"version-history":[{"count":0,"href":"https:\/\/coworkdigital.com.ar\/hcd\/wp-json\/wp\/v2\/posts\/9255\/revisions"}],"wp:attachment":[{"href":"https:\/\/coworkdigital.com.ar\/hcd\/wp-json\/wp\/v2\/media?parent=9255"}],"wp:term":[{"taxonomy":"category","embeddable":true,"href":"https:\/\/coworkdigital.com.ar\/hcd\/wp-json\/wp\/v2\/categories?post=9255"},{"taxonomy":"post_tag","embeddable":true,"href":"https:\/\/coworkdigital.com.ar\/hcd\/wp-json\/wp\/v2\/tags?post=9255"}],"curies":[{"name":"wp","href":"https:\/\/api.w.org\/{rel}","templated":true}]}}