{"id":9269,"date":"2018-12-16T19:40:56","date_gmt":"2018-12-16T19:40:56","guid":{"rendered":"http:\/\/rivadaviamendoza.gob.ar\/hcd\/?p=9269"},"modified":"2018-12-16T19:40:56","modified_gmt":"2018-12-16T19:40:56","slug":"ordenanza-1234-2020-copy-copy-6-copy-copy-copy-copy-copy-copy-copy-copy-copy-copy-copy-copy-copy-copy-copy-copy-copy-2-copy-copy-copy-copy-copy-copy-copy-copy-copy-copy-copy-copy-copy-copy-copy-co-195","status":"publish","type":"post","link":"https:\/\/coworkdigital.com.ar\/hcd\/ordenanza-1234-2020-copy-copy-6-copy-copy-copy-copy-copy-copy-copy-copy-copy-copy-copy-copy-copy-copy-copy-copy-copy-2-copy-copy-copy-copy-copy-copy-copy-copy-copy-copy-copy-copy-copy-copy-copy-co-195\/","title":{"rendered":"DECLARACI\u00d3N N\u00ba 24-18"},"content":{"rendered":"<p><strong><img fetchpriority=\"high\" decoding=\"async\" class=\"alignnone wp-image-6853 size-full\" src=\"https:\/\/coworkdigital.com.ar\/hcd\/wp-content\/uploads\/2020\/12\/Zocalo-1.png\" width=\"3100\" height=\"482\" srcset=\"https:\/\/coworkdigital.com.ar\/hcd\/wp-content\/uploads\/2020\/12\/Zocalo-1.png 3100w, https:\/\/coworkdigital.com.ar\/hcd\/wp-content\/uploads\/2020\/12\/Zocalo-1-300x47.png 300w, https:\/\/coworkdigital.com.ar\/hcd\/wp-content\/uploads\/2020\/12\/Zocalo-1-1024x159.png 1024w, https:\/\/coworkdigital.com.ar\/hcd\/wp-content\/uploads\/2020\/12\/Zocalo-1-768x119.png 768w, https:\/\/coworkdigital.com.ar\/hcd\/wp-content\/uploads\/2020\/12\/Zocalo-1-1536x239.png 1536w, https:\/\/coworkdigital.com.ar\/hcd\/wp-content\/uploads\/2020\/12\/Zocalo-1-2048x318.png 2048w, https:\/\/coworkdigital.com.ar\/hcd\/wp-content\/uploads\/2020\/12\/Zocalo-1-600x93.png 600w, https:\/\/coworkdigital.com.ar\/hcd\/wp-content\/uploads\/2020\/12\/Zocalo-1-560x87.png 560w\" sizes=\"(max-width: 3100px) 100vw, 3100px\" \/><\/strong><\/p>\n<p><strong><u>VISTO:<\/u><\/strong><\/p>\n<p>El Expediente N\u00ba 2018-00275-4, caratulado Bloque U.C.R, Concejales Gil y S\u00e1nchez, \u00a0presentan proyecto de Declaraci\u00f3n, referido a Declarar de Inter\u00e9s Departamental el \u201c1\u00ba Modelo de Naciones Unidas\u201d, y<\/p>\n<p>&nbsp;<\/p>\n<p><strong><u>CONSIDERANDO:<\/u><\/strong><\/p>\n<p>Que los d\u00edas 16 y 17 de octubre en el Instituto Casa de Mar\u00eda se realizar\u00e1 el \u201c1\u00ba MODELO DE NACIONES UNIDAS\u201d.<\/p>\n<p>Que la Naciones Unidas nacieron oficialmente el 24 de octubre de 1945, despu\u00e9s de que la mayor\u00eda de los 51 Estados miembros signatarios del documento fundacional de la Organizaci\u00f3n, la Carta de la ONU, la ratificaran. En la actualidad, 193 Estados son miembros de la Naciones Unidas, que est\u00e1n representados en el \u00f3rgano deliberante, la Asamblea General.<\/p>\n<p>Que debido a las facultades que le confiere la Carta y su singular car\u00e1cter internacional, las Naciones Unidas pueden tomar medidas sobre los problemas que enfrenta la humanidad en el siglo XXI, como la paz y la seguridad, el cambio clim\u00e1tico, el desarrollo sostenible, los derechos humanos, el desarme, el terrorismo, las emergencias humanitarias y de salud, la igualdad de g\u00e9nero, la gobernanza, la producci\u00f3n de alimentos y mucho m\u00e1s.<\/p>\n<p>Que la ONU tambi\u00e9n proporciona un foro para que sus miembros puedan expresar su opini\u00f3n en la Asamblea General, el Consejo de Seguridad Econ\u00f3mico y Social y otros \u00f3rganos y comisiones. Al permitir el di\u00e1logo entre sus miembros, y la Organizaci\u00f3n en las negociaciones, la Organizaci\u00f3n se ha convertido en un mecanismo para que los gobiernos puedan encontrar \u00e1mbitos de acuerdos y resolver problemas juntos.<\/p>\n<p>Que el Instituto Casa de Mar\u00eda y por ende sus alumnos son los organizadores del \u201c1\u00ba modelo de Naciones Unidas\u201d a desarrollarse los d\u00edas 16 y 17 de octubre del corriente a\u00f1o en las instalaciones de la Instituci\u00f3n.<\/p>\n<p>Que el modelo de Naciones Unidas, conocido tambi\u00e9n como M. U. M (siglas en ingles de Model United Nations) es un simulacro o representaci\u00f3n del sistema de Naciones Unidas en el que preparado para alumnos de escuelas secundarias.<\/p>\n<p>Que los j\u00f3venes representan a delegaciones de diferentes pa\u00edses, intervienen en debates y negociaciones donde tratan temas de agenda global que corresponden a programas de trabajo de los diferentes \u00f3rganos y comisiones de las Naciones Unidas.<\/p>\n<p>Que es un evento educativo y cultural que los capacita en temas de pol\u00edtica internacional adem\u00e1s de adquirir una visi\u00f3n multicultural del mundo en donde desarrollan sus vidas.<\/p>\n<p>Que esto impulsa a los j\u00f3venes a conocer:<\/p>\n<ul>\n<li>Las preocupaciones y esperanzas de la gente en las diferentes regiones del mundo.<\/li>\n<li>La forma de c\u00f3mo el trabajo de Naciones pueden mejorar la vida de la gente que habita este planeta.<\/li>\n<li>La conciencia de ser ciudadanos del mundo global.<\/li>\n<li>Las herramientas reglamentarias y la actitud necesaria para reforzar la cooperaci\u00f3n internacional.<\/li>\n<\/ul>\n<p>Que este proyecto est\u00e1 elaborado con la finalidad de llevar a cabo un modelo de las Naciones Unidas donde todos los estudiantes de distintas escuelas puedan hacerse participes del mismo, como: Presidencia del modelo, delegados, agentes de tipeo, seguridad, ujieres o como observadores.<\/p>\n<p>Que los objetivos del mismo son:<\/p>\n<ul>\n<li>Fomentar el debate y la resoluci\u00f3n de problemas.<\/li>\n<li>Aprender m\u00e1s sobre diversos pa\u00edses.<\/li>\n<li>Poder ampliar el conocimiento sobre Naciones Unidas.<\/li>\n<\/ul>\n<p>&nbsp;<\/p>\n<p><strong><u>POR ELLO:<\/u>\u00a0\u00a0\u00a0\u00a0\u00a0 <\/strong><\/p>\n<p>El Honorable Concejo Deliberante de Rivadavia, Mendoza, en uso de sus facultades:<\/p>\n<p>&nbsp;<\/p>\n<p><strong><u>DECLARA:<\/u><\/strong><\/p>\n<p><strong><u>Art\u00edculo 1\u00ba:<\/u><\/strong> Declarar de Inter\u00e9s Departamental el \u201c1\u00ba MODELO DE NACIONES UNIDAS\u201d a desarrollarse los d\u00edas 16 y 17 de octubre del corriente a\u00f1o en las instalaciones del Instituto Casa de Mar\u00eda.<\/p>\n<p><strong><u>Art\u00edculo 2\u00ba<\/u><\/strong>: Notificar al nivel secundario de todas las escuelas del Departamento.<\/p>\n<p><strong><u>Art\u00edculo 3\u00ba<\/u><\/strong>: Remitir copia de esta Declaraci\u00f3n a la Instituci\u00f3n Casa de Mar\u00eda.<\/p>\n<p><strong><u>Art\u00edculo 4\u00ba<\/u><\/strong>: Comun\u00edquese al Departamento Ejecutivo a sus efectos e ins\u00e9rtese en el Libro de Declaraciones de este Cuerpo.<\/p>\n<p>&nbsp;<\/p>\n<p>Dada en la Sala de Sesiones, \u201cBandera Nacional Argentina\u201d, del Honorable Concejo Deliberante de Rivadavia, Mendoza, a los 09 d\u00edas del mes de octubre de 2018.<\/p>\n<p>&nbsp;<\/p>\n<p>&nbsp;<\/p>\n<p><strong>\u00a0 \u00a0 \u00a0 \u00a0 \u00a0 \u00a0Lic.<\/strong> <strong>BRUNO AMBROSINI\u00a0\u00a0\u00a0\u00a0\u00a0\u00a0\u00a0\u00a0\u00a0\u00a0\u00a0\u00a0\u00a0\u00a0\u00a0\u00a0\u00a0\u00a0\u00a0\u00a0\u00a0\u00a0\u00a0\u00a0\u00a0\u00a0\u00a0\u00a0\u00a0\u00a0\u00a0\u00a0\u00a0\u00a0\u00a0\u00a0\u00a0\u00a0\u00a0\u00a0\u00a0\u00a0\u00a0\u00a0\u00a0\u00a0\u00a0 LUCIO GUTIERREZ<\/strong><\/p>\n<p><strong>\u00a0\u00a0\u00a0\u00a0\u00a0\u00a0\u00a0\u00a0\u00a0\u00a0\u00a0 \u00a0\u00a0\u00a0 SECRETARIO H.C.D.\u00a0\u00a0\u00a0\u00a0\u00a0\u00a0\u00a0\u00a0\u00a0\u00a0\u00a0\u00a0\u00a0\u00a0\u00a0\u00a0\u00a0\u00a0\u00a0\u00a0\u00a0\u00a0\u00a0\u00a0\u00a0\u00a0\u00a0\u00a0\u00a0\u00a0\u00a0\u00a0\u00a0\u00a0\u00a0\u00a0\u00a0\u00a0\u00a0\u00a0\u00a0\u00a0\u00a0\u00a0\u00a0\u00a0\u00a0\u00a0\u00a0\u00a0 PRESIDENTE H.C.D.<\/strong><\/p>\n<p><strong>\u00a0<\/strong><\/p>\n<p>&nbsp;<\/p>\n<p>Cpde. Expte. N\u00ba 2018-00275-4\u00a0 H.C.D.<\/p>\n<p><a href=\"https:\/\/coworkdigital.com.ar\/hcd\/wp-content\/uploads\/2020\/12\/decl-24-18.pdf\"><img decoding=\"async\" class=\"alignright wp-image-6224\" src=\"https:\/\/coworkdigital.com.ar\/hcd\/wp-content\/uploads\/2020\/06\/descarga_pdf-150x150.png\" width=\"50\" height=\"53\" srcset=\"https:\/\/coworkdigital.com.ar\/hcd\/wp-content\/uploads\/2020\/06\/descarga_pdf-282x300.png 282w, https:\/\/coworkdigital.com.ar\/hcd\/wp-content\/uploads\/2020\/06\/descarga_pdf.png 496w\" sizes=\"(max-width: 50px) 100vw, 50px\" \/><\/a><\/p>\n","protected":false},"excerpt":{"rendered":"<p>VISTO: El Expediente N\u00ba 2018-00275-4, caratulado Bloque U.C.R, Concejales Gil y S\u00e1nchez, \u00a0presentan proyecto de Declaraci\u00f3n, referido a Declarar de Inter\u00e9s Departamental el \u201c1\u00ba Modelo de Naciones Unidas\u201d, y &nbsp; CONSIDERANDO: Que los d\u00edas 16 y 17 de octubre en el Instituto Casa de Mar\u00eda se realizar\u00e1 el \u201c1\u00ba MODELO DE NACIONES UNIDAS\u201d. Que la [&hellip;]<\/p>\n","protected":false},"author":1,"featured_media":0,"comment_status":"closed","ping_status":"closed","sticky":false,"template":"","format":"standard","meta":{"_acf_changed":false,"footnotes":""},"categories":[66],"tags":[],"class_list":["post-9269","post","type-post","status-publish","format-standard","hentry","category-declaraciones"],"acf":[],"_links":{"self":[{"href":"https:\/\/coworkdigital.com.ar\/hcd\/wp-json\/wp\/v2\/posts\/9269","targetHints":{"allow":["GET"]}}],"collection":[{"href":"https:\/\/coworkdigital.com.ar\/hcd\/wp-json\/wp\/v2\/posts"}],"about":[{"href":"https:\/\/coworkdigital.com.ar\/hcd\/wp-json\/wp\/v2\/types\/post"}],"author":[{"embeddable":true,"href":"https:\/\/coworkdigital.com.ar\/hcd\/wp-json\/wp\/v2\/users\/1"}],"replies":[{"embeddable":true,"href":"https:\/\/coworkdigital.com.ar\/hcd\/wp-json\/wp\/v2\/comments?post=9269"}],"version-history":[{"count":0,"href":"https:\/\/coworkdigital.com.ar\/hcd\/wp-json\/wp\/v2\/posts\/9269\/revisions"}],"wp:attachment":[{"href":"https:\/\/coworkdigital.com.ar\/hcd\/wp-json\/wp\/v2\/media?parent=9269"}],"wp:term":[{"taxonomy":"category","embeddable":true,"href":"https:\/\/coworkdigital.com.ar\/hcd\/wp-json\/wp\/v2\/categories?post=9269"},{"taxonomy":"post_tag","embeddable":true,"href":"https:\/\/coworkdigital.com.ar\/hcd\/wp-json\/wp\/v2\/tags?post=9269"}],"curies":[{"name":"wp","href":"https:\/\/api.w.org\/{rel}","templated":true}]}}