{"id":9608,"date":"2020-07-18T00:20:16","date_gmt":"2020-07-18T00:20:16","guid":{"rendered":"http:\/\/rivadaviamendoza.gob.ar\/hcd\/?p=9608"},"modified":"2023-08-07T18:13:42","modified_gmt":"2023-08-07T18:13:42","slug":"buscan-fomentar-el-turismo-religioso-en-rivadavia","status":"publish","type":"post","link":"https:\/\/coworkdigital.com.ar\/hcd\/buscan-fomentar-el-turismo-religioso-en-rivadavia\/","title":{"rendered":"Buscan fomentar el turismo religioso en Rivadavia"},"content":{"rendered":"<div class=\"kvgmc6g5 cxmmr5t8 oygrvhab hcukyx3x c1et5uql ii04i59q\">\n<div dir=\"auto\">El viernes pasado el Honorable Concejo Deliberante de Rivadavia&nbsp; particip\u00f3 junto al Intendente Miguel Ronco, de la misa en memoria de los M\u00e1rtiles Riojanos, que se realiz\u00f3 en la Capilla Nuestra Se\u00f1ora del Olivo -San Juan Bautista, ex finca Gargantini.<\/div>\n<div dir=\"auto\"><\/div>\n<\/div>\n<div class=\"o9v6fnle cxmmr5t8 oygrvhab hcukyx3x c1et5uql ii04i59q\">\n<div dir=\"auto\">En esta oportunidad, el presidente del HCD, Mauricio Di C\u00e9sare, fue parte de la reuni\u00f3n con arquitectas de Patrimonio Cultural que tuvo como objetivo evaluar los deterioros que posee esta Capilla y buscar los fondos para realizar las reparaciones correspondientes. Este proyecto busca fomentar el turismo religioso en el departamento.<\/div>\n<div dir=\"auto\"><\/div>\n<\/div>\n<div dir=\"auto\"><img fetchpriority=\"high\" decoding=\"async\" class=\"alignnone size-medium wp-image-9613\" src=\"https:\/\/coworkdigital.com.ar\/hcd\/wp-content\/uploads\/2020\/12\/110062387_1163679033989225_194533112989868640_o-300x201.jpg\" alt=\"\" width=\"300\" height=\"201\" srcset=\"https:\/\/coworkdigital.com.ar\/hcd\/wp-content\/uploads\/2020\/12\/110062387_1163679033989225_194533112989868640_o-300x201.jpg 300w, https:\/\/coworkdigital.com.ar\/hcd\/wp-content\/uploads\/2020\/12\/110062387_1163679033989225_194533112989868640_o-1024x684.jpg 1024w, https:\/\/coworkdigital.com.ar\/hcd\/wp-content\/uploads\/2020\/12\/110062387_1163679033989225_194533112989868640_o-768x513.jpg 768w, https:\/\/coworkdigital.com.ar\/hcd\/wp-content\/uploads\/2020\/12\/110062387_1163679033989225_194533112989868640_o-1536x1027.jpg 1536w, https:\/\/coworkdigital.com.ar\/hcd\/wp-content\/uploads\/2020\/12\/110062387_1163679033989225_194533112989868640_o-600x401.jpg 600w, https:\/\/coworkdigital.com.ar\/hcd\/wp-content\/uploads\/2020\/12\/110062387_1163679033989225_194533112989868640_o-560x374.jpg 560w, https:\/\/coworkdigital.com.ar\/hcd\/wp-content\/uploads\/2020\/12\/110062387_1163679033989225_194533112989868640_o.jpg 1870w\" sizes=\"(max-width: 300px) 100vw, 300px\" \/><\/div>\n<div dir=\"auto\"><img decoding=\"async\" class=\"alignnone size-medium wp-image-9612\" src=\"https:\/\/coworkdigital.com.ar\/hcd\/wp-content\/uploads\/2020\/12\/109848582_1163685050655290_5694632388071107950_o-300x201.jpg\" alt=\"\" width=\"300\" height=\"201\" srcset=\"https:\/\/coworkdigital.com.ar\/hcd\/wp-content\/uploads\/2020\/12\/109848582_1163685050655290_5694632388071107950_o-300x201.jpg 300w, https:\/\/coworkdigital.com.ar\/hcd\/wp-content\/uploads\/2020\/12\/109848582_1163685050655290_5694632388071107950_o-1024x684.jpg 1024w, https:\/\/coworkdigital.com.ar\/hcd\/wp-content\/uploads\/2020\/12\/109848582_1163685050655290_5694632388071107950_o-768x513.jpg 768w, https:\/\/coworkdigital.com.ar\/hcd\/wp-content\/uploads\/2020\/12\/109848582_1163685050655290_5694632388071107950_o-1536x1027.jpg 1536w, https:\/\/coworkdigital.com.ar\/hcd\/wp-content\/uploads\/2020\/12\/109848582_1163685050655290_5694632388071107950_o-600x401.jpg 600w, https:\/\/coworkdigital.com.ar\/hcd\/wp-content\/uploads\/2020\/12\/109848582_1163685050655290_5694632388071107950_o-560x374.jpg 560w, https:\/\/coworkdigital.com.ar\/hcd\/wp-content\/uploads\/2020\/12\/109848582_1163685050655290_5694632388071107950_o.jpg 1870w\" sizes=\"(max-width: 300px) 100vw, 300px\" \/><\/div>\n","protected":false},"excerpt":{"rendered":"<p>El viernes pasado el Honorable Concejo Deliberante de Rivadavia&nbsp; particip\u00f3 junto al Intendente Miguel Ronco, de la misa en memoria de los M\u00e1rtiles Riojanos, que se realiz\u00f3 en la Capilla Nuestra Se\u00f1ora del Olivo -San Juan Bautista, ex finca Gargantini. En esta oportunidad, el presidente del HCD, Mauricio Di C\u00e9sare, fue parte de la reuni\u00f3n [&hellip;]<\/p>\n","protected":false},"author":1,"featured_media":9617,"comment_status":"closed","ping_status":"closed","sticky":false,"template":"","format":"standard","meta":{"_acf_changed":false,"footnotes":""},"categories":[69],"tags":[],"class_list":["post-9608","post","type-post","status-publish","format-standard","has-post-thumbnail","hentry","category-novedades"],"acf":[],"_links":{"self":[{"href":"https:\/\/coworkdigital.com.ar\/hcd\/wp-json\/wp\/v2\/posts\/9608","targetHints":{"allow":["GET"]}}],"collection":[{"href":"https:\/\/coworkdigital.com.ar\/hcd\/wp-json\/wp\/v2\/posts"}],"about":[{"href":"https:\/\/coworkdigital.com.ar\/hcd\/wp-json\/wp\/v2\/types\/post"}],"author":[{"embeddable":true,"href":"https:\/\/coworkdigital.com.ar\/hcd\/wp-json\/wp\/v2\/users\/1"}],"replies":[{"embeddable":true,"href":"https:\/\/coworkdigital.com.ar\/hcd\/wp-json\/wp\/v2\/comments?post=9608"}],"version-history":[{"count":1,"href":"https:\/\/coworkdigital.com.ar\/hcd\/wp-json\/wp\/v2\/posts\/9608\/revisions"}],"predecessor-version":[{"id":12790,"href":"https:\/\/coworkdigital.com.ar\/hcd\/wp-json\/wp\/v2\/posts\/9608\/revisions\/12790"}],"wp:featuredmedia":[{"embeddable":true,"href":"https:\/\/coworkdigital.com.ar\/hcd\/wp-json\/wp\/v2\/media\/9617"}],"wp:attachment":[{"href":"https:\/\/coworkdigital.com.ar\/hcd\/wp-json\/wp\/v2\/media?parent=9608"}],"wp:term":[{"taxonomy":"category","embeddable":true,"href":"https:\/\/coworkdigital.com.ar\/hcd\/wp-json\/wp\/v2\/categories?post=9608"},{"taxonomy":"post_tag","embeddable":true,"href":"https:\/\/coworkdigital.com.ar\/hcd\/wp-json\/wp\/v2\/tags?post=9608"}],"curies":[{"name":"wp","href":"https:\/\/api.w.org\/{rel}","templated":true}]}}